{"id":35139,"date":"2022-09-10T17:30:18","date_gmt":"2022-09-10T17:30:18","guid":{"rendered":"https:\/\/www.foscarini.com\/embelesado-por-los-objetos-ferruccio-laviani-en-festivaletteratura\/"},"modified":"2024-03-22T12:06:24","modified_gmt":"2024-03-22T12:06:24","slug":"embelesado-por-los-objetos-ferruccio-laviani-en-festivaletteratura","status":"publish","type":"post","link":"https:\/\/www.foscarini.com\/es\/embelesado-por-los-objetos-ferruccio-laviani-en-festivaletteratura\/","title":{"rendered":"Embelesado por los Objetos: Ferruccio Laviani en Festivaletteratura"},"content":{"rendered":"<section class=\"articolo-titolo reading-time\">\n    <div class=\"ct-block\">\n        <div class=\"text\"><h2>En una cautivadora charla dirigida por Beppe Finessi como parte de Festivaletteratura 2022, Ferruccio Laviani comparti\u00f3 su pasi\u00f3n y enfoque \u00fanico para el dise\u00f1o de objetos y experiencias.<\/h2>\n<\/div>\n            <\/div>\n<\/section><section class=\"articolo-testo reading-time\">\n    <div class=\"ct-block\">\n        <div class=\"text\"><p>El 10 de septiembre de 2022, en el evocador Teatro Bibiena, tuvo lugar la charla &#8220;Embelesado por los Objetos&#8221;, con el dise\u00f1ador Ferruccio Laviani entrevistado por Beppe Finessi. Laviani llev\u00f3 al p\u00fablico en un fascinante viaje a trav\u00e9s de su experiencia en el mundo del dise\u00f1o. Partiendo de sus ra\u00edces en la escuela de luther\u00eda y transitando por el dise\u00f1o de muebles, comparti\u00f3 sus reflexiones sobre la creaci\u00f3n de objetos que van m\u00e1s all\u00e1 de la mera funcionalidad, buscando evocar emociones y conexiones personales.<\/p>\n<\/div>\n    <\/div>\n<\/section><section class=\"articolo-citazione reading-time\">\n    <div class=\"ct-block\">\n        <div class=\"text\"><p>&#8220;El mundo est\u00e1 lleno de escaparates llenos de sillas, l\u00e1mparas y mesas, \u00bfentonces por qu\u00e9 alguien deber\u00eda elegir una nueva dise\u00f1ada por m\u00ed? La respuesta es simple: hacer que las personas vean mis productos con los mismos ojos que cuando se enamoran de alguien.&#8221;<\/p>\n<\/div>\n        <div class=\"cit\"><p>FERRUCCIO LAVIANI<br \/>\n\/ DISE\u00d1ADOR<\/p>\n<\/div>\n    <\/div>\n<\/section><section class=\"two_cols__image_link_and_image full-height-vh \">\n\n    <div class=\"swiper-container swiper__from_cols\">\n        <div class=\"swiper-wrapper col-2\">\n            <div class=\"swiper-slide full-height col-left \">\n                                        <img decoding=\"async\" class=\"img-left\" src=\"https:\/\/www.foscarini.com\/wp-content\/uploads\/2024\/03\/2img_1new-150x150.jpg\" srcset=\"https:\/\/www.foscarini.com\/wp-content\/uploads\/2024\/03\/2img_1new-300x233.jpg 300w, https:\/\/www.foscarini.com\/wp-content\/uploads\/2024\/03\/2img_1new.jpg 736w\" alt=\"\" \/>\n                                            <div class=\"ct-text show-for-medium\">\n                        <a class=\"link-arrow no-link\" href=\"\">\n                            <span class=\"subtitle js-heading\"><\/span>\n                            <span class=\"title-little js-heading\"><\/span>\n                        <\/a>\n                        <div class=\"text-1 js-heading\"><\/div>\n                    <\/div>\n                                <\/div>\n            <div class=\"swiper-slide full-height\">\n                                        <img decoding=\"async\" class=\"full-cover\" src=\"https:\/\/www.foscarini.com\/wp-content\/uploads\/2024\/03\/2img_2new-150x150.jpg\" srcset=\"https:\/\/www.foscarini.com\/wp-content\/uploads\/2024\/03\/2img_2new-228x300.jpg 228w, https:\/\/www.foscarini.com\/wp-content\/uploads\/2024\/03\/2img_2new.jpg 726w\" alt=\"\" \/>\n                                    <\/div>\n        <\/div>\n    <\/div>\n\n    <div class=\"row show-mobile\">\n        <div class=\"small-12 columns\">\n            <div class=\"ct-text\">\n                <a class=\"link-arrow no-link\" href=\"\">\n                    <span class=\"subtitle js-heading\"><\/span>\n                    <span class=\"title-little js-heading\"><\/span>\n                <\/a>\n                <div class=\"text-1 js-heading\"><\/div>\n            <\/div>\n        <\/div>\n    <\/div>\n<\/section><section class=\"articolo-testo reading-time\">\n    <div class=\"ct-block\">\n        <div class=\"text\"><p>Con humildad y sinceridad, el dise\u00f1ador cremon\u00e9s comparti\u00f3 an\u00e9cdotas de su carrera, ofreciendo una mirada \u00edntima a sus obras m\u00e1s ic\u00f3nicas y los desaf\u00edos enfrentados a lo largo del camino creativo. Estimulado por las preguntas de Beppe Finessi, Laviani comparti\u00f3 su filosof\u00eda detr\u00e1s de la creaci\u00f3n de objetos que mezclan diferentes estilos e influencias, dando vida a creaciones que desaf\u00edan el tiempo y los estilos convencionales, abriendo nuevas perspectivas sobre la creatividad y la est\u00e9tica contempor\u00e1nea.<\/p>\n<\/div>\n    <\/div>\n<\/section><section class=\"articolo-titolo reading-time\">\n    <div class=\"ct-block\">\n        <div class=\"text\"><p>Para revivir la experiencia de la charla e sumergirse en el universo de Ferruccio Laviani, no se pierda el video del evento.<\/p>\n<\/div>\n                    <a class=\"link\" href=\"https:\/\/cdn1.foscarini.com\/News-Video\/Festivaletteratura_Laviani_Talk_2022.mp4\">\n                Mira el video            <\/a>\n                <\/div>\n<\/section>","protected":false},"excerpt":{"rendered":"","protected":false},"author":10,"featured_media":34740,"comment_status":"open","ping_status":"open","sticky":false,"template":"","format":"standard","meta":{"_acf_changed":false,"footnotes":""},"categories":[1212,1209],"tags":[1260,1285,1343],"class_list":["post-35139","post","type-post","status-publish","format-standard","has-post-thumbnail","hentry","category-cultura-es","category-eventos","tag-entrevista-es","tag-event-es","tag-laviani-es"],"acf":{"articolo_-_tempo_di_lettura":{"minuti":""},"preview_slider":{"titolo":"Embelesado por los Objetos:","testo":"Una charla cautivadora con el dise\u00f1ador Ferruccio Laviani, entrevistado por Beppe Finessi, narra los logros m\u00e1s emblem\u00e1ticos del dise\u00f1ador y su enfoque creativo.","video_domanda":false,"link_video":""}},"yoast_head":"<!-- This site is optimized with the Yoast SEO Premium plugin v22.4 (Yoast SEO v23.7) - https:\/\/yoast.com\/wordpress\/plugins\/seo\/ -->\n<title>Embelesado por los Objetos: Ferruccio Laviani en Festivaletteratura - Foscarini<\/title>\n<meta name=\"robots\" content=\"index, follow, max-snippet:-1, max-image-preview:large, max-video-preview:-1\" \/>\n<meta property=\"og:locale\" content=\"es_ES\" \/>\n<meta property=\"og:type\" content=\"article\" \/>\n<meta property=\"og:title\" content=\"Embelesado por los Objetos: Ferruccio Laviani en Festivaletteratura\" \/>\n<meta property=\"og:url\" content=\"https:\/\/www.foscarini.com\/es\/embelesado-por-los-objetos-ferruccio-laviani-en-festivaletteratura\/\" \/>\n<meta property=\"og:site_name\" content=\"Foscarini\" \/>\n<meta property=\"article:published_time\" content=\"2022-09-10T17:30:18+00:00\" \/>\n<meta property=\"article:modified_time\" content=\"2024-03-22T12:06:24+00:00\" \/>\n<meta property=\"og:image\" content=\"https:\/\/www.foscarini.com\/wp-content\/uploads\/2024\/03\/modulo1-banneronenew.jpg\" \/>\n\t<meta property=\"og:image:width\" content=\"1920\" \/>\n\t<meta property=\"og:image:height\" content=\"1080\" \/>\n\t<meta property=\"og:image:type\" content=\"image\/jpeg\" \/>\n<meta name=\"author\" content=\"valeria\" \/>\n<meta name=\"twitter:card\" content=\"summary_large_image\" \/>\n<meta name=\"twitter:label1\" content=\"Escrito por\" \/>\n\t<meta name=\"twitter:data1\" content=\"valeria\" \/>\n\t<meta name=\"twitter:label2\" content=\"Tiempo de lectura\" \/>\n\t<meta name=\"twitter:data2\" content=\"1 minuto\" \/>\n<script type=\"application\/ld+json\" class=\"yoast-schema-graph\">{\"@context\":\"https:\/\/schema.org\",\"@graph\":[{\"@type\":\"WebPage\",\"@id\":\"https:\/\/www.foscarini.com\/es\/embelesado-por-los-objetos-ferruccio-laviani-en-festivaletteratura\/\",\"url\":\"https:\/\/www.foscarini.com\/es\/embelesado-por-los-objetos-ferruccio-laviani-en-festivaletteratura\/\",\"name\":\"Embelesado por los Objetos: Ferruccio Laviani en Festivaletteratura - Foscarini\",\"isPartOf\":{\"@id\":\"https:\/\/www.foscarini.com\/#website\"},\"primaryImageOfPage\":{\"@id\":\"https:\/\/www.foscarini.com\/es\/embelesado-por-los-objetos-ferruccio-laviani-en-festivaletteratura\/#primaryimage\"},\"image\":{\"@id\":\"https:\/\/www.foscarini.com\/es\/embelesado-por-los-objetos-ferruccio-laviani-en-festivaletteratura\/#primaryimage\"},\"thumbnailUrl\":\"https:\/\/www.foscarini.com\/wp-content\/uploads\/2024\/03\/modulo1-banneronenew.jpg\",\"datePublished\":\"2022-09-10T17:30:18+00:00\",\"dateModified\":\"2024-03-22T12:06:24+00:00\",\"author\":{\"@id\":\"https:\/\/www.foscarini.com\/#\/schema\/person\/efd6ee4f284adb2ddd466254165b3e60\"},\"breadcrumb\":{\"@id\":\"https:\/\/www.foscarini.com\/es\/embelesado-por-los-objetos-ferruccio-laviani-en-festivaletteratura\/#breadcrumb\"},\"inLanguage\":\"es\",\"potentialAction\":[{\"@type\":\"ReadAction\",\"target\":[\"https:\/\/www.foscarini.com\/es\/embelesado-por-los-objetos-ferruccio-laviani-en-festivaletteratura\/\"]}]},{\"@type\":\"ImageObject\",\"inLanguage\":\"es\",\"@id\":\"https:\/\/www.foscarini.com\/es\/embelesado-por-los-objetos-ferruccio-laviani-en-festivaletteratura\/#primaryimage\",\"url\":\"https:\/\/www.foscarini.com\/wp-content\/uploads\/2024\/03\/modulo1-banneronenew.jpg\",\"contentUrl\":\"https:\/\/www.foscarini.com\/wp-content\/uploads\/2024\/03\/modulo1-banneronenew.jpg\",\"width\":1920,\"height\":1080},{\"@type\":\"BreadcrumbList\",\"@id\":\"https:\/\/www.foscarini.com\/es\/embelesado-por-los-objetos-ferruccio-laviani-en-festivaletteratura\/#breadcrumb\",\"itemListElement\":[{\"@type\":\"ListItem\",\"position\":1,\"name\":\"Home\",\"item\":\"https:\/\/www.foscarini.com\/es\/\"},{\"@type\":\"ListItem\",\"position\":2,\"name\":\"Embelesado por los Objetos: Ferruccio Laviani en Festivaletteratura\"}]},{\"@type\":\"WebSite\",\"@id\":\"https:\/\/www.foscarini.com\/#website\",\"url\":\"https:\/\/www.foscarini.com\/\",\"name\":\"Foscarini\",\"description\":\"\",\"potentialAction\":[{\"@type\":\"SearchAction\",\"target\":{\"@type\":\"EntryPoint\",\"urlTemplate\":\"https:\/\/www.foscarini.com\/?s={search_term_string}\"},\"query-input\":{\"@type\":\"PropertyValueSpecification\",\"valueRequired\":true,\"valueName\":\"search_term_string\"}}],\"inLanguage\":\"es\"},{\"@type\":\"Person\",\"@id\":\"https:\/\/www.foscarini.com\/#\/schema\/person\/efd6ee4f284adb2ddd466254165b3e60\",\"name\":\"valeria\",\"image\":{\"@type\":\"ImageObject\",\"inLanguage\":\"es\",\"@id\":\"https:\/\/www.foscarini.com\/#\/schema\/person\/image\/\",\"url\":\"https:\/\/secure.gravatar.com\/avatar\/66da3d4416909816d0d1ac32ce76fd87?s=96&d=mm&r=g\",\"contentUrl\":\"https:\/\/secure.gravatar.com\/avatar\/66da3d4416909816d0d1ac32ce76fd87?s=96&d=mm&r=g\",\"caption\":\"valeria\"}}]}<\/script>\n<!-- \/ Yoast SEO Premium plugin. -->","yoast_head_json":{"title":"Embelesado por los Objetos: Ferruccio Laviani en Festivaletteratura - Foscarini","robots":{"index":"index","follow":"follow","max-snippet":"max-snippet:-1","max-image-preview":"max-image-preview:large","max-video-preview":"max-video-preview:-1"},"og_locale":"es_ES","og_type":"article","og_title":"Embelesado por los Objetos: Ferruccio Laviani en Festivaletteratura","og_url":"https:\/\/www.foscarini.com\/es\/embelesado-por-los-objetos-ferruccio-laviani-en-festivaletteratura\/","og_site_name":"Foscarini","article_published_time":"2022-09-10T17:30:18+00:00","article_modified_time":"2024-03-22T12:06:24+00:00","og_image":[{"width":1920,"height":1080,"url":"https:\/\/www.foscarini.com\/wp-content\/uploads\/2024\/03\/modulo1-banneronenew.jpg","type":"image\/jpeg"}],"author":"valeria","twitter_card":"summary_large_image","twitter_misc":{"Escrito por":"valeria","Tiempo de lectura":"1 minuto"},"schema":{"@context":"https:\/\/schema.org","@graph":[{"@type":"WebPage","@id":"https:\/\/www.foscarini.com\/es\/embelesado-por-los-objetos-ferruccio-laviani-en-festivaletteratura\/","url":"https:\/\/www.foscarini.com\/es\/embelesado-por-los-objetos-ferruccio-laviani-en-festivaletteratura\/","name":"Embelesado por los Objetos: Ferruccio Laviani en Festivaletteratura - Foscarini","isPartOf":{"@id":"https:\/\/www.foscarini.com\/#website"},"primaryImageOfPage":{"@id":"https:\/\/www.foscarini.com\/es\/embelesado-por-los-objetos-ferruccio-laviani-en-festivaletteratura\/#primaryimage"},"image":{"@id":"https:\/\/www.foscarini.com\/es\/embelesado-por-los-objetos-ferruccio-laviani-en-festivaletteratura\/#primaryimage"},"thumbnailUrl":"https:\/\/www.foscarini.com\/wp-content\/uploads\/2024\/03\/modulo1-banneronenew.jpg","datePublished":"2022-09-10T17:30:18+00:00","dateModified":"2024-03-22T12:06:24+00:00","author":{"@id":"https:\/\/www.foscarini.com\/#\/schema\/person\/efd6ee4f284adb2ddd466254165b3e60"},"breadcrumb":{"@id":"https:\/\/www.foscarini.com\/es\/embelesado-por-los-objetos-ferruccio-laviani-en-festivaletteratura\/#breadcrumb"},"inLanguage":"es","potentialAction":[{"@type":"ReadAction","target":["https:\/\/www.foscarini.com\/es\/embelesado-por-los-objetos-ferruccio-laviani-en-festivaletteratura\/"]}]},{"@type":"ImageObject","inLanguage":"es","@id":"https:\/\/www.foscarini.com\/es\/embelesado-por-los-objetos-ferruccio-laviani-en-festivaletteratura\/#primaryimage","url":"https:\/\/www.foscarini.com\/wp-content\/uploads\/2024\/03\/modulo1-banneronenew.jpg","contentUrl":"https:\/\/www.foscarini.com\/wp-content\/uploads\/2024\/03\/modulo1-banneronenew.jpg","width":1920,"height":1080},{"@type":"BreadcrumbList","@id":"https:\/\/www.foscarini.com\/es\/embelesado-por-los-objetos-ferruccio-laviani-en-festivaletteratura\/#breadcrumb","itemListElement":[{"@type":"ListItem","position":1,"name":"Home","item":"https:\/\/www.foscarini.com\/es\/"},{"@type":"ListItem","position":2,"name":"Embelesado por los Objetos: Ferruccio Laviani en Festivaletteratura"}]},{"@type":"WebSite","@id":"https:\/\/www.foscarini.com\/#website","url":"https:\/\/www.foscarini.com\/","name":"Foscarini","description":"","potentialAction":[{"@type":"SearchAction","target":{"@type":"EntryPoint","urlTemplate":"https:\/\/www.foscarini.com\/?s={search_term_string}"},"query-input":{"@type":"PropertyValueSpecification","valueRequired":true,"valueName":"search_term_string"}}],"inLanguage":"es"},{"@type":"Person","@id":"https:\/\/www.foscarini.com\/#\/schema\/person\/efd6ee4f284adb2ddd466254165b3e60","name":"valeria","image":{"@type":"ImageObject","inLanguage":"es","@id":"https:\/\/www.foscarini.com\/#\/schema\/person\/image\/","url":"https:\/\/secure.gravatar.com\/avatar\/66da3d4416909816d0d1ac32ce76fd87?s=96&d=mm&r=g","contentUrl":"https:\/\/secure.gravatar.com\/avatar\/66da3d4416909816d0d1ac32ce76fd87?s=96&d=mm&r=g","caption":"valeria"}}]}},"_links":{"self":[{"href":"https:\/\/www.foscarini.com\/es\/wp-json\/wp\/v2\/posts\/35139"}],"collection":[{"href":"https:\/\/www.foscarini.com\/es\/wp-json\/wp\/v2\/posts"}],"about":[{"href":"https:\/\/www.foscarini.com\/es\/wp-json\/wp\/v2\/types\/post"}],"author":[{"embeddable":true,"href":"https:\/\/www.foscarini.com\/es\/wp-json\/wp\/v2\/users\/10"}],"replies":[{"embeddable":true,"href":"https:\/\/www.foscarini.com\/es\/wp-json\/wp\/v2\/comments?post=35139"}],"version-history":[{"count":2,"href":"https:\/\/www.foscarini.com\/es\/wp-json\/wp\/v2\/posts\/35139\/revisions"}],"predecessor-version":[{"id":35142,"href":"https:\/\/www.foscarini.com\/es\/wp-json\/wp\/v2\/posts\/35139\/revisions\/35142"}],"wp:featuredmedia":[{"embeddable":true,"href":"https:\/\/www.foscarini.com\/es\/wp-json\/wp\/v2\/media\/34740"}],"wp:attachment":[{"href":"https:\/\/www.foscarini.com\/es\/wp-json\/wp\/v2\/media?parent=35139"}],"wp:term":[{"taxonomy":"category","embeddable":true,"href":"https:\/\/www.foscarini.com\/es\/wp-json\/wp\/v2\/categories?post=35139"},{"taxonomy":"post_tag","embeddable":true,"href":"https:\/\/www.foscarini.com\/es\/wp-json\/wp\/v2\/tags?post=35139"}],"curies":[{"name":"wp","href":"https:\/\/api.w.org\/{rel}","templated":true}]}}