{"id":33400,"date":"2024-03-08T15:58:44","date_gmt":"2024-03-08T15:58:44","guid":{"rendered":"https:\/\/www.foscarini.com\/los-personajes-de-ojos-grandes-de-fausto-gilberti-se-encuentran-con-las-lamparas-foscarini\/"},"modified":"2024-03-12T11:47:21","modified_gmt":"2024-03-12T11:47:21","slug":"los-personajes-de-ojos-grandes-de-fausto-gilberti-se-encuentran-con-las-lamparas-foscarini","status":"publish","type":"post","link":"https:\/\/www.foscarini.com\/es\/los-personajes-de-ojos-grandes-de-fausto-gilberti-se-encuentran-con-las-lamparas-foscarini\/","title":{"rendered":"Los personajes de ojos grandes de Fausto Gilberti se encuentran con las l\u00e1mparas Foscarini"},"content":{"rendered":"<section class=\"articolo-titolo reading-time\">\n    <div class=\"ct-block\">\n        <div class=\"text\"><h2><span data-sheets-root=\"1\" data-sheets-value=\"{&quot;1&quot;:2,&quot;2&quot;:&quot;Fausto Gilberti, conocido por su estilo minimalista poblado de figuras estilizadas de grandes ojos y cuerpos esbeltos, ha creado una nueva serie en el proyecto editorial \u00abWhat\u2019s in a Lamp?\u00bb de Foscarini.\\r\\n\\r&quot;}\" data-sheets-userformat=\"{&quot;2&quot;:5055,&quot;3&quot;:{&quot;1&quot;:0},&quot;4&quot;:{&quot;1&quot;:2,&quot;2&quot;:16777215},&quot;5&quot;:{&quot;1&quot;:[{&quot;1&quot;:2,&quot;2&quot;:0,&quot;5&quot;:{&quot;1&quot;:2,&quot;2&quot;:0}},{&quot;1&quot;:0,&quot;2&quot;:0,&quot;3&quot;:3},{&quot;1&quot;:1,&quot;2&quot;:0,&quot;4&quot;:1}]},&quot;6&quot;:{&quot;1&quot;:[{&quot;1&quot;:2,&quot;2&quot;:0,&quot;5&quot;:{&quot;1&quot;:2,&quot;2&quot;:0}},{&quot;1&quot;:0,&quot;2&quot;:0,&quot;3&quot;:3},{&quot;1&quot;:1,&quot;2&quot;:0,&quot;4&quot;:1}]},&quot;7&quot;:{&quot;1&quot;:[{&quot;1&quot;:2,&quot;2&quot;:0,&quot;5&quot;:{&quot;1&quot;:2,&quot;2&quot;:0}},{&quot;1&quot;:0,&quot;2&quot;:0,&quot;3&quot;:3},{&quot;1&quot;:1,&quot;2&quot;:0,&quot;4&quot;:1}]},&quot;8&quot;:{&quot;1&quot;:[{&quot;1&quot;:2,&quot;2&quot;:0,&quot;5&quot;:{&quot;1&quot;:2,&quot;2&quot;:0}},{&quot;1&quot;:0,&quot;2&quot;:0,&quot;3&quot;:3},{&quot;1&quot;:1,&quot;2&quot;:0,&quot;4&quot;:1}]},&quot;10&quot;:0,&quot;11&quot;:4,&quot;12&quot;:0,&quot;15&quot;:&quot;Arial&quot;}\">Fausto Gilberti, conocido por su estilo minimalista poblado de figuras estilizadas de grandes ojos y cuerpos esbeltos, ha creado una nueva serie en el proyecto editorial \u00abWhat\u2019s in a Lamp?\u00bb de Foscarini.<br \/>\n<\/span><\/h2>\n<\/div>\n            <\/div>\n<\/section><section class=\"articolo-testo reading-time\">\n    <div class=\"ct-block\">\n        <div class=\"text\"><p>Fausto Gilberti es un artista polifac\u00e9tico: pintor, dibujante y autor de libros que relatan el arte con iron\u00eda y curiosidad, especialmente el arte contempor\u00e1neo y conceptual. Su estilo distintivo, a caballo entre la pintura y el dibujo, entre la gr\u00e1fica y la ilustraci\u00f3n, cuenta historias mediante im\u00e1genes en las que personajes estilizados de grandes ojos emergen sobre un fondo blanco indefinido, creando escenarios \u00fanicos e inmediatamente reconocibles.<\/p>\n<p>Los ic\u00f3nicos hombrecitos se mueven en un espacio et\u00e9reo donde interact\u00faan con las l\u00e1mparas Foscarini, creando situaciones ir\u00f3nicas y surrealistas. Un trazo minimalista y sint\u00e9tico, resultado de a\u00f1os de investigaci\u00f3n para encontrar un signo gr\u00e1fico personal y universal que represente la figura humana reducida a su m\u00ednima expresi\u00f3n. En ello encuentra un hilo conductor com\u00fan con el dise\u00f1o de las l\u00e1mparas Foscarini: la b\u00fasqueda de la s\u00edntesis, la eliminaci\u00f3n de lo superfluo para alcanzar lo esencial. Gilberti afirma: \u00abCon el dise\u00f1o he buscado siempre la simplicidad de las formas y la pureza de los signos. Tambi\u00e9n he encontrado estos elementos formales en las l\u00e1mparas Foscarini. Al dise\u00f1arlas, me di cuenta enseguida de que su forma estaba en perfecta armon\u00eda con la de mis figuras\u00bb.<\/p>\n<p>En esta serie in\u00e9dita de dibujos, el arquet\u00edpico hombrecillo de Gilberti interact\u00faa con las l\u00e1mparas de la colecci\u00f3n Foscarini, sosteni\u00e9ndolas, abraz\u00e1ndolas y sumergi\u00e9ndose figurativamente en su luz y su forma. Una mirada \u00fanica sobre la relaci\u00f3n \u00edntima entre el individuo y la luz.<\/p>\n<p>Las ilustraciones en blanco y negro son vibrantes y expresivas; peque\u00f1os detalles caracterizan a los estilizados personajes, y las l\u00e1mparas \u2013la \u00fanica nota de color\u2013 ayudan a delinear la personalidad del personaje que interact\u00faa con ellas, de la misma forma que, cuando las elegimos para nuestros hogares, dicen algo sobre nosotros.<\/p>\n<p>Sigue el proyecto \u00abWhat\u2019s in a Lamp?\u00bb en Instagram para descubrir toda la serie y leer nuestra entrevista exclusiva con el artista Fausto Gilberti, conocer sus fuentes de inspiraci\u00f3n, su investigaci\u00f3n art\u00edstica y saber m\u00e1s sobre su colaboraci\u00f3n con Foscarini.<\/p>\n<\/div>\n    <\/div>\n<\/section><section class=\"two_cols__image_link_and_image full-height-vh \">\n\n    <div class=\"swiper-container swiper__from_cols\">\n        <div class=\"swiper-wrapper col-2\">\n            <div class=\"swiper-slide full-height col-left \">\n                                        <img decoding=\"async\" class=\"img-left\" src=\"https:\/\/www.foscarini.com\/wp-content\/uploads\/2024\/03\/Tavola-da-disegno-1-150x150.jpg\" srcset=\"https:\/\/www.foscarini.com\/wp-content\/uploads\/2024\/03\/Tavola-da-disegno-1-300x233.jpg 300w, https:\/\/www.foscarini.com\/wp-content\/uploads\/2024\/03\/Tavola-da-disegno-1-600x466.jpg 600w, https:\/\/www.foscarini.com\/wp-content\/uploads\/2024\/03\/Tavola-da-disegno-1.jpg 736w\" alt=\"\" \/>\n                                            <div class=\"ct-text show-for-medium\">\n                        <a class=\"link-arrow no-link\" href=\"\">\n                            <span class=\"subtitle js-heading\"><\/span>\n                            <span class=\"title-little js-heading\"><\/span>\n                        <\/a>\n                        <div class=\"text-1 js-heading\"><\/div>\n                    <\/div>\n                                <\/div>\n            <div class=\"swiper-slide full-height\">\n                                        <img decoding=\"async\" class=\"full-cover\" src=\"https:\/\/www.foscarini.com\/wp-content\/uploads\/2024\/03\/Tavola-da-disegno-2-1-150x150.png\" srcset=\"https:\/\/www.foscarini.com\/wp-content\/uploads\/2024\/03\/Tavola-da-disegno-2-1-228x300.png 228w, https:\/\/www.foscarini.com\/wp-content\/uploads\/2024\/03\/Tavola-da-disegno-2-1-600x790.png 600w, https:\/\/www.foscarini.com\/wp-content\/uploads\/2024\/03\/Tavola-da-disegno-2-1.png 726w\" alt=\"\" \/>\n                                    <\/div>\n        <\/div>\n    <\/div>\n\n    <div class=\"row show-mobile\">\n        <div class=\"small-12 columns\">\n            <div class=\"ct-text\">\n                <a class=\"link-arrow no-link\" href=\"\">\n                    <span class=\"subtitle js-heading\"><\/span>\n                    <span class=\"title-little js-heading\"><\/span>\n                <\/a>\n                <div class=\"text-1 js-heading\"><\/div>\n            <\/div>\n        <\/div>\n    <\/div>\n<\/section><section class=\"articolo-testo reading-time\">\n    <div class=\"ct-block\">\n        <div class=\"text\"><p><strong>\u00bfC\u00f3mo comenz\u00f3 tu aventura art\u00edstica? \u00bfSiempre intuiste que el arte habr\u00eda sido tu camino? \u00bfCu\u00e1l fue tu primera experiencia significativa en este mundo?<\/strong><\/p>\n<p>De ni\u00f1o, ve\u00eda pintar a mi hermano Mario y le imitaba. Mario es mucho mayor que yo, y sol\u00eda llevarme a sus exposiciones por Italia y a ciudades de arte para ver a pintores antiguos. Actualmente, el que m\u00e1s le gusta es todav\u00eda Fra Angelico.<\/p>\n<p>Era el 1987 y yo iba a la escuela de arte. Durante la clase de geometr\u00eda, estaba completando a escondidas un dibujo que representaba a varios cientos de hombrecillos que llenaban por completo una peque\u00f1a hoja de papel. En un momento dado, el profesor se dio cuenta de que no estaba escuchando la lecci\u00f3n. As\u00ed que se acerc\u00f3 a m\u00ed con aire amenazador y descubri\u00f3 que estaba dibujando para m\u00ed mismo. Pero sin embargo, sorprendi\u00f3 a m\u00ed y a todos mis compa\u00f1eros, al decirme, en lugar de re\u00f1irme: \u00abMuy bien Gilberti, sigue as\u00ed\u00bb.<\/p>\n<p>Ese dibujo, que todav\u00eda conservo, es una composici\u00f3n de 562 hombrecillos de dos cent\u00edmetros y medio de altura, dispuestos en diez filas. Todos distintos. Se titula: \u00abLa suora\u00bb (la monja). Ese episodio representa para m\u00ed el principio de todo.<\/p>\n<p>&nbsp;<\/p>\n<p><strong>\u00bfQu\u00e9 te motiva a crear? \u00bfTu inspiraci\u00f3n depende de la curiosidad, de la b\u00fasqueda de significado o de la pura expresi\u00f3n visual?<\/strong><\/p>\n<p>Me atraen todas las im\u00e1genes que veo, no s\u00f3lo las art\u00edsticas. Me interesan incluso las que se publican en las redes sociales o en una revista de papel satinado. Incluso las descritas por un texto literario, las proyectadas en una pel\u00edcula o las evocadas al escuchar m\u00fasica. Cualquier imagen que me atraiga puede ser una fuente de inspiraci\u00f3n.<\/p>\n<p>&nbsp;<\/p>\n<p><strong>Tu estilo minimalista y sint\u00e9tico, con personajes estilizados por sus ojos grandes y aturdidos, se ha convertido en tu marca de f\u00e1brica. \u00bfC\u00f3mo has desarrollado este estilo tan caracter\u00edstico?<\/strong><\/p>\n<p>Ha sido un proceso lento de s\u00edntesis y reducci\u00f3n de mi signo.<\/p>\n<p>Como ya he dicho, hace unos a\u00f1os sol\u00eda dibujar figuras humanas repletas de detalles. Cada hombrecillo era distinto de los otros. Cada uno ten\u00eda caracter\u00edsticas \u00fanicas: eran personajes. Ahora, en cambio, el hombrecillo que dibujo es una representaci\u00f3n del hombre en clave universal reducida a su m\u00ednima expresi\u00f3n.<\/p>\n<p>&nbsp;<\/p>\n<p><strong>Hablamos del proyecto con Foscarini \u00ab\u00bbWhat\u2019s in a Lamp?\u00bb. \u00bfQu\u00e9 te ha inspirado especialmente en esta colaboraci\u00f3n? \u00bfCu\u00e1l es tu obra favorita dentro de este proyecto y qu\u00e9 significado tiene para ti?<\/strong><\/p>\n<p>Con el dibujo he buscado siempre la simplicidad de las formas y la pureza del signo. Tambi\u00e9n he encontrado estos elementos formales en las l\u00e1mparas Foscarini. Al dise\u00f1arlas, me di cuenta enseguida de que su forma estaba en perfecta armon\u00eda con la de mis figuras.<\/p>\n<p>Entre los dise\u00f1os que he realizado, mi favorito es el de la l\u00e1mpara Gregg. Quer\u00eda transmitir la dulzura, la poes\u00eda y la elegancia de esa l\u00e1mpara. Y el tema del abrazo me vino casi de forma autom\u00e1tica.<\/p>\n<\/div>\n    <\/div>\n<\/section><section class=\"two_cols__image_link_and_image full-height-vh \">\n\n    <div class=\"swiper-container swiper__from_cols\">\n        <div class=\"swiper-wrapper col-2\">\n            <div class=\"swiper-slide full-height col-left \">\n                                        <img decoding=\"async\" class=\"img-left\" src=\"https:\/\/www.foscarini.com\/wp-content\/uploads\/2024\/03\/gregg-150x150.jpg\" srcset=\"https:\/\/www.foscarini.com\/wp-content\/uploads\/2024\/03\/gregg-300x300.jpg 300w, https:\/\/www.foscarini.com\/wp-content\/uploads\/2024\/03\/gregg-400x400.jpg 400w, https:\/\/www.foscarini.com\/wp-content\/uploads\/2024\/03\/gregg-100x100.jpg 100w, https:\/\/www.foscarini.com\/wp-content\/uploads\/2024\/03\/gregg-800x800.jpg 800w, https:\/\/www.foscarini.com\/wp-content\/uploads\/2024\/03\/gregg-1024x1024.jpg 1024w, https:\/\/www.foscarini.com\/wp-content\/uploads\/2024\/03\/gregg-150x150.jpg 150w, https:\/\/www.foscarini.com\/wp-content\/uploads\/2024\/03\/gregg-768x768.jpg 768w, https:\/\/www.foscarini.com\/wp-content\/uploads\/2024\/03\/gregg-1536x1536.jpg 1536w, https:\/\/www.foscarini.com\/wp-content\/uploads\/2024\/03\/gregg-2048x2048.jpg 2048w\" alt=\"\" \/>\n                                            <div class=\"ct-text show-for-medium\">\n                        <a class=\"link-arrow no-link\" href=\"\">\n                            <span class=\"subtitle js-heading\"><\/span>\n                            <span class=\"title-little js-heading\"><\/span>\n                        <\/a>\n                        <div class=\"text-1 js-heading\"><\/div>\n                    <\/div>\n                                <\/div>\n            <div class=\"swiper-slide full-height\">\n                                        <img decoding=\"async\" class=\"full-cover\" src=\"https:\/\/www.foscarini.com\/wp-content\/uploads\/2024\/03\/FAUSTO-GILBERTI-PORTRAIT-2-150x150.jpg\" srcset=\"https:\/\/www.foscarini.com\/wp-content\/uploads\/2024\/03\/FAUSTO-GILBERTI-PORTRAIT-2-300x200.jpg 300w, https:\/\/www.foscarini.com\/wp-content\/uploads\/2024\/03\/FAUSTO-GILBERTI-PORTRAIT-2-800x534.jpg 800w, https:\/\/www.foscarini.com\/wp-content\/uploads\/2024\/03\/FAUSTO-GILBERTI-PORTRAIT-2-1024x684.jpg 1024w, https:\/\/www.foscarini.com\/wp-content\/uploads\/2024\/03\/FAUSTO-GILBERTI-PORTRAIT-2-768x513.jpg 768w, https:\/\/www.foscarini.com\/wp-content\/uploads\/2024\/03\/FAUSTO-GILBERTI-PORTRAIT-2-1536x1026.jpg 1536w, https:\/\/www.foscarini.com\/wp-content\/uploads\/2024\/03\/FAUSTO-GILBERTI-PORTRAIT-2.jpg 1890w\" alt=\"\" \/>\n                                    <\/div>\n        <\/div>\n    <\/div>\n\n    <div class=\"row show-mobile\">\n        <div class=\"small-12 columns\">\n            <div class=\"ct-text\">\n                <a class=\"link-arrow no-link\" href=\"\">\n                    <span class=\"subtitle js-heading\"><\/span>\n                    <span class=\"title-little js-heading\"><\/span>\n                <\/a>\n                <div class=\"text-1 js-heading\"><\/div>\n            <\/div>\n        <\/div>\n    <\/div>\n<\/section><section class=\"articolo-testo reading-time\">\n    <div class=\"ct-block\">\n        <div class=\"text\"><p><strong>A pesar de tu estilo minimalista, muchas de tus obras consiguen contar, con unos pocos trazos, historias enteras, vidas, situaciones y emociones. \u00bfPuedes explicar con mayor detalle el aspecto narrativo de tu proceso creativo?<\/strong><\/p>\n<p>A veces es suficiente cambiar el grosor de una l\u00ednea para que el dibujo cambie de aspecto y de significado. Poner sobre el papel signos, formas y colores es un poco como componer una pieza musical, las notas son siempre las mismas, pero tienes infinitas posibilidades de combinarlas, con poco basta y la m\u00fasica cambia.<\/p>\n<p>&nbsp;<\/p>\n<p><strong>\u00bfCu\u00e1les son las fuentes de inspiraci\u00f3n que gu\u00edan tu trabajo? \u00bfQu\u00e9 encuentras fascinante en la realidad que te rodea y c\u00f3mo se refleja en tu estilo?<\/strong><\/p>\n<p>Siempre me ha gustado la pintura medieval y de principios del Renacimiento, y he intentado componer siempre mis obras inspir\u00e1ndome en las caracter\u00edsticas formales de estos periodos art\u00edsticos: el simbolismo, la esencialidad y el estatismo de la pintura medieval; la armon\u00eda, el equilibrio y la fuerza narrativa de la renacentista. Me he formado a nivel art\u00edstico en el mundo del arte contempor\u00e1neo, pero al mismo tiempo he seguido y estudiado siempre otros sectores creativos.<\/p>\n<p>Hace unos a\u00f1os, una de mis principales fuentes de inspiraci\u00f3n era la m\u00fasica, los v\u00eddeos musicales, las portadas de discos, as\u00ed como las im\u00e1genes en las que se inspiraban algunos g\u00e9neros musicales. En aquella \u00e9poca pint\u00e9 muchos cuadros sobre ese tema y publiqu\u00e9 un libro con unos 200 dibujos.<\/p>\n<p>A menudo me ha inspirado tambi\u00e9n el cine: en el 1999 cree, para una de mis primeras exposiciones personales, una serie de obras (\u00f3leos sobre lienzo, dibujos y pinturas murales) inspiradas en Twin Peaks, de David Lynch.<\/p>\n<p>Estoy convencido de que todos los artistas hablan siempre de s\u00ed mismos, de que su obra es siempre \u00abautobiogr\u00e1fica\u00bb. En mi obra se reflejan todas las experiencias de mi vida, mis pasiones e incluso mis obsesiones.<\/p>\n<p>&nbsp;<\/p>\n<p><strong>Tu has creado una serie de libros ilustrados junto con Corraini Edizioni que narran la vida de varios artistas, como Piero Manzoni, Banksy y Yayoi Kusama. \u00bfPor qu\u00e9 has decidido narrar la vida y obra de otros artistas y qu\u00e9 importancia tiene hacerlo a trav\u00e9s de la lente de un colega artista? \u00bfC\u00f3mo se refleja en estas biograf\u00edas tu enfoque art\u00edstico?<\/strong><\/p>\n<p>El primer libro de la serie sobre artistas contempor\u00e1neos surgi\u00f3 casi por casualidad. La idea se me ocurri\u00f3 cuando estaba visitando en el 2014 la muestra de Piero Manzoni en Mil\u00e1n. Tambi\u00e9n hab\u00eda tra\u00eddo conmigo a Emma y Martino (mis dos hijos, que entonces ten\u00edan 7 y 8 a\u00f1os), aunque tem\u00eda que se pudieran aburrir. Los vi pasear por las salas del Palazzo Reale intrigados y divertidos y contemplar con asombro las extra\u00f1as obras de Manzoni. All\u00ed me di cuenta de que mi pr\u00f3ximo libro habr\u00eda contado una historia real. La de Piero Manzoni. Tras publicar el libro, me di cuenta de que hab\u00eda otros artistas conceptuales y revolucionarios como Manzoni, a menudo observados con prejuicios por los adultos y de los que todav\u00eda no se hab\u00eda explicado nada a los ni\u00f1os. As\u00ed que con Corraini pensamos y luego decidimos empezar una serie dedicada.<\/p>\n<p>Hago estos libros con un enfoque que es muy parecido al que tengo cuando dibujo o pinto para una muestra. Trabajo con total libertad y no me marco objetivos did\u00e1cticos o pedag\u00f3gicos. Intento divertirme y divertir al p\u00fablico cont\u00e1ndole una historia, aunque sea compleja, de la manera m\u00e1s sencilla y eficaz posible, haciendo un gran trabajo de s\u00edntesis del signo gr\u00e1fico y sobre todo del texto.<\/p>\n<p>&nbsp;<\/p>\n<p><strong>\u00bfQui\u00e9nes han sido tus maestros o las influencias m\u00e1s significativas a la hora de dar forma a tu visi\u00f3n art\u00edstica?<\/strong><\/p>\n<p>Artistas contempor\u00e1neos como Yves Klein, Keith Haring, Jean Dubuffet, Jochum Nordstrom, Raymond Pettibon y muchos otros. Pintores antiguos como Rosso Fiorentino, Piero della Francesca y Jan Van Eyck. Escritores como Cormac McCarthy y Raymon Carver. Directores como David Lynch y Lars Von Trier. M\u00fasicos como Miles Davis, The Cure, Joy Division, Radiohead, Apex Twin, Nine Inch Nails, Bon Iver y Alt-J.<\/p>\n<p>&nbsp;<\/p>\n<p><strong>\u00bfSigues alg\u00fan ritual a la hora de dibujar? \u00bfSigues alg\u00fan h\u00e1bito especial o procesos concretos cuando te dedicas a dibujar?<\/strong><\/p>\n<p>Digamos que casi nunca dibujo en silencio. O lo hago escuchando m\u00fasica, o escuchando y ojeando, entre pausa y pausa (es decir, cuando separo el pincel del papel), una pel\u00edcula o una serie de televisi\u00f3n.<\/p>\n<p>&nbsp;<\/p>\n<p><strong>\u00bfQu\u00e9 es para ti la creatividad?<\/strong><\/p>\n<p>Es la capacidad de mirar el mundo y todo lo que hay en \u00e9l desde m\u00faltiples puntos de vista. Buscando algo que no es inmediatamente obvio para la mayor\u00eda. Y elaborar de nuevo, de forma personal, lo que hemos descubierto y captado.<\/p>\n<\/div>\n    <\/div>\n<\/section><section class=\"pdp__slider full-height-vh\">\n    <div class=\"swiper-container swiper__pdp\">\n        <div class=\"swiper-wrapper full-height\">\n                                <div class=\"swiper-slide\">\n                                                    <img decoding=\"async\" class=\"full-cover\" src=\"https:\/\/www.foscarini.com\/wp-content\/uploads\/2024\/03\/filo-150x150.jpg\" srcset=\"https:\/\/www.foscarini.com\/wp-content\/uploads\/2024\/03\/filo-300x300.jpg 300w, https:\/\/www.foscarini.com\/wp-content\/uploads\/2024\/03\/filo-400x400.jpg 400w, https:\/\/www.foscarini.com\/wp-content\/uploads\/2024\/03\/filo-100x100.jpg 100w, https:\/\/www.foscarini.com\/wp-content\/uploads\/2024\/03\/filo-800x800.jpg 800w, https:\/\/www.foscarini.com\/wp-content\/uploads\/2024\/03\/filo-1024x1024.jpg 1024w, https:\/\/www.foscarini.com\/wp-content\/uploads\/2024\/03\/filo-150x150.jpg 150w, https:\/\/www.foscarini.com\/wp-content\/uploads\/2024\/03\/filo-768x768.jpg 768w, https:\/\/www.foscarini.com\/wp-content\/uploads\/2024\/03\/filo-1536x1536.jpg 1536w, https:\/\/www.foscarini.com\/wp-content\/uploads\/2024\/03\/filo-2048x2048.jpg 2048w\" alt=\"\" \/>\n                                                                        <\/div>\n                                        <div class=\"swiper-slide\">\n                                                    <img decoding=\"async\" class=\"full-cover\" src=\"https:\/\/www.foscarini.com\/wp-content\/uploads\/2024\/03\/satellight-150x150.jpg\" srcset=\"https:\/\/www.foscarini.com\/wp-content\/uploads\/2024\/03\/satellight-300x300.jpg 300w, https:\/\/www.foscarini.com\/wp-content\/uploads\/2024\/03\/satellight-400x400.jpg 400w, https:\/\/www.foscarini.com\/wp-content\/uploads\/2024\/03\/satellight-100x100.jpg 100w, https:\/\/www.foscarini.com\/wp-content\/uploads\/2024\/03\/satellight-800x800.jpg 800w, https:\/\/www.foscarini.com\/wp-content\/uploads\/2024\/03\/satellight-1024x1024.jpg 1024w, https:\/\/www.foscarini.com\/wp-content\/uploads\/2024\/03\/satellight-150x150.jpg 150w, https:\/\/www.foscarini.com\/wp-content\/uploads\/2024\/03\/satellight-768x768.jpg 768w, https:\/\/www.foscarini.com\/wp-content\/uploads\/2024\/03\/satellight-1536x1536.jpg 1536w, https:\/\/www.foscarini.com\/wp-content\/uploads\/2024\/03\/satellight-2048x2048.jpg 2048w\" alt=\"\" \/>\n                                                                        <\/div>\n                                        <div class=\"swiper-slide\">\n                                                    <img decoding=\"async\" class=\"full-cover\" src=\"https:\/\/www.foscarini.com\/wp-content\/uploads\/2024\/03\/gregg-150x150.jpg\" srcset=\"https:\/\/www.foscarini.com\/wp-content\/uploads\/2024\/03\/gregg-300x300.jpg 300w, https:\/\/www.foscarini.com\/wp-content\/uploads\/2024\/03\/gregg-400x400.jpg 400w, https:\/\/www.foscarini.com\/wp-content\/uploads\/2024\/03\/gregg-100x100.jpg 100w, https:\/\/www.foscarini.com\/wp-content\/uploads\/2024\/03\/gregg-800x800.jpg 800w, https:\/\/www.foscarini.com\/wp-content\/uploads\/2024\/03\/gregg-1024x1024.jpg 1024w, https:\/\/www.foscarini.com\/wp-content\/uploads\/2024\/03\/gregg-150x150.jpg 150w, https:\/\/www.foscarini.com\/wp-content\/uploads\/2024\/03\/gregg-768x768.jpg 768w, https:\/\/www.foscarini.com\/wp-content\/uploads\/2024\/03\/gregg-1536x1536.jpg 1536w, https:\/\/www.foscarini.com\/wp-content\/uploads\/2024\/03\/gregg-2048x2048.jpg 2048w\" alt=\"\" \/>\n                                                                        <\/div>\n                                        <div class=\"swiper-slide\">\n                                                    <img decoding=\"async\" class=\"full-cover\" src=\"https:\/\/www.foscarini.com\/wp-content\/uploads\/2024\/03\/buds-150x150.jpg\" srcset=\"https:\/\/www.foscarini.com\/wp-content\/uploads\/2024\/03\/buds-300x300.jpg 300w, https:\/\/www.foscarini.com\/wp-content\/uploads\/2024\/03\/buds-400x400.jpg 400w, https:\/\/www.foscarini.com\/wp-content\/uploads\/2024\/03\/buds-100x100.jpg 100w, https:\/\/www.foscarini.com\/wp-content\/uploads\/2024\/03\/buds-800x800.jpg 800w, https:\/\/www.foscarini.com\/wp-content\/uploads\/2024\/03\/buds-1024x1024.jpg 1024w, https:\/\/www.foscarini.com\/wp-content\/uploads\/2024\/03\/buds-150x150.jpg 150w, https:\/\/www.foscarini.com\/wp-content\/uploads\/2024\/03\/buds-768x768.jpg 768w, https:\/\/www.foscarini.com\/wp-content\/uploads\/2024\/03\/buds-1536x1536.jpg 1536w, https:\/\/www.foscarini.com\/wp-content\/uploads\/2024\/03\/buds-2048x2048.jpg 2048w\" alt=\"\" \/>\n                                                                        <\/div>\n                                        <div class=\"swiper-slide\">\n                                                    <img decoding=\"async\" class=\"full-cover\" src=\"https:\/\/www.foscarini.com\/wp-content\/uploads\/2024\/03\/binic-150x150.jpg\" srcset=\"https:\/\/www.foscarini.com\/wp-content\/uploads\/2024\/03\/binic-300x300.jpg 300w, https:\/\/www.foscarini.com\/wp-content\/uploads\/2024\/03\/binic-400x400.jpg 400w, https:\/\/www.foscarini.com\/wp-content\/uploads\/2024\/03\/binic-100x100.jpg 100w, https:\/\/www.foscarini.com\/wp-content\/uploads\/2024\/03\/binic-800x800.jpg 800w, https:\/\/www.foscarini.com\/wp-content\/uploads\/2024\/03\/binic-1024x1024.jpg 1024w, https:\/\/www.foscarini.com\/wp-content\/uploads\/2024\/03\/binic-150x150.jpg 150w, https:\/\/www.foscarini.com\/wp-content\/uploads\/2024\/03\/binic-768x768.jpg 768w, https:\/\/www.foscarini.com\/wp-content\/uploads\/2024\/03\/binic-1536x1536.jpg 1536w, https:\/\/www.foscarini.com\/wp-content\/uploads\/2024\/03\/binic-2048x2048.jpg 2048w\" alt=\"\" \/>\n                                                                        <\/div>\n                                        <div class=\"swiper-slide\">\n                                                    <img decoding=\"async\" class=\"full-cover\" src=\"https:\/\/www.foscarini.com\/wp-content\/uploads\/2024\/03\/anisha-150x150.jpg\" srcset=\"https:\/\/www.foscarini.com\/wp-content\/uploads\/2024\/03\/anisha-300x300.jpg 300w, https:\/\/www.foscarini.com\/wp-content\/uploads\/2024\/03\/anisha-400x400.jpg 400w, https:\/\/www.foscarini.com\/wp-content\/uploads\/2024\/03\/anisha-100x100.jpg 100w, https:\/\/www.foscarini.com\/wp-content\/uploads\/2024\/03\/anisha-800x800.jpg 800w, https:\/\/www.foscarini.com\/wp-content\/uploads\/2024\/03\/anisha-1024x1024.jpg 1024w, https:\/\/www.foscarini.com\/wp-content\/uploads\/2024\/03\/anisha-150x150.jpg 150w, https:\/\/www.foscarini.com\/wp-content\/uploads\/2024\/03\/anisha-768x768.jpg 768w, https:\/\/www.foscarini.com\/wp-content\/uploads\/2024\/03\/anisha-1536x1536.jpg 1536w, https:\/\/www.foscarini.com\/wp-content\/uploads\/2024\/03\/anisha-2048x2048.jpg 2048w\" alt=\"\" \/>\n                                                                        <\/div>\n                                        <div class=\"swiper-slide\">\n                                                    <img decoding=\"async\" class=\"full-cover\" src=\"https:\/\/www.foscarini.com\/wp-content\/uploads\/2024\/03\/tuareg-150x150.jpg\" srcset=\"https:\/\/www.foscarini.com\/wp-content\/uploads\/2024\/03\/tuareg-300x300.jpg 300w, https:\/\/www.foscarini.com\/wp-content\/uploads\/2024\/03\/tuareg-400x400.jpg 400w, https:\/\/www.foscarini.com\/wp-content\/uploads\/2024\/03\/tuareg-100x100.jpg 100w, https:\/\/www.foscarini.com\/wp-content\/uploads\/2024\/03\/tuareg-800x800.jpg 800w, https:\/\/www.foscarini.com\/wp-content\/uploads\/2024\/03\/tuareg-1024x1024.jpg 1024w, https:\/\/www.foscarini.com\/wp-content\/uploads\/2024\/03\/tuareg-150x150.jpg 150w, https:\/\/www.foscarini.com\/wp-content\/uploads\/2024\/03\/tuareg-768x768.jpg 768w, https:\/\/www.foscarini.com\/wp-content\/uploads\/2024\/03\/tuareg-1536x1536.jpg 1536w, https:\/\/www.foscarini.com\/wp-content\/uploads\/2024\/03\/tuareg-2048x2048.jpg 2048w\" alt=\"\" \/>\n                                                                        <\/div>\n                            <\/div>\n    <\/div>\n    <div class=\"swiper-scrollbar\"><\/div>\n    <div class=\"ct-arrow\">\n        <div class=\"swiper-button-prev\"><\/div>\n        <div class=\"swiper-button-next\"><\/div>\n    <\/div>\n<\/section><section class=\"articolo-titolo reading-time\">\n    <div class=\"ct-block\">\n        <div class=\"text\"><p>Sigue el proyecto en el canal oficial de Instagram @foscarinilamps<\/p>\n<\/div>\n                    <a class=\"link\" href=\"https:\/\/www.instagram.com\/foscarinilamps\/\">\n                Descubre m\u00e1s            <\/a>\n                <\/div>\n<\/section>","protected":false},"excerpt":{"rendered":"","protected":false},"author":10,"featured_media":33284,"comment_status":"open","ping_status":"open","sticky":false,"template":"","format":"standard","meta":{"_acf_changed":false,"footnotes":""},"categories":[1198],"tags":[1236,1245,1244],"class_list":["post-33400","post","type-post","status-publish","format-standard","has-post-thumbnail","hentry","category-comunicazione-es","tag-arte-es","tag-social-media-es","tag-whats-in-a-lamp-es"],"acf":{"articolo_-_tempo_di_lettura":{"minuti":""},"preview_slider":{"titolo":"Los personajes de ojos grandes de Fausto Gilberti se encuentran con las l\u00e1mparas Foscarini","testo":"En esta serie in\u00e9dita de dibujos, el arquet\u00edpico hombrecillo de Gilberti interact\u00faa con las l\u00e1mparas de la colecci\u00f3n Foscarini, sosteni\u00e9ndolas, abraz\u00e1ndolas y sumergi\u00e9ndose figurativamente en su luz y su forma.","video_domanda":false,"link_video":""}},"yoast_head":"<!-- This site is optimized with the Yoast SEO Premium plugin v22.4 (Yoast SEO v23.7) - https:\/\/yoast.com\/wordpress\/plugins\/seo\/ -->\n<title>Los personajes de ojos grandes de Fausto Gilberti se encuentran con las l\u00e1mparas Foscarini - Foscarini<\/title>\n<meta name=\"robots\" content=\"index, follow, max-snippet:-1, max-image-preview:large, max-video-preview:-1\" \/>\n<meta property=\"og:locale\" content=\"es_ES\" \/>\n<meta property=\"og:type\" content=\"article\" \/>\n<meta property=\"og:title\" content=\"Los personajes de ojos grandes de Fausto Gilberti se encuentran con las l\u00e1mparas Foscarini\" \/>\n<meta property=\"og:url\" content=\"https:\/\/www.foscarini.com\/es\/los-personajes-de-ojos-grandes-de-fausto-gilberti-se-encuentran-con-las-lamparas-foscarini\/\" \/>\n<meta property=\"og:site_name\" content=\"Foscarini\" \/>\n<meta property=\"article:published_time\" content=\"2024-03-08T15:58:44+00:00\" \/>\n<meta property=\"article:modified_time\" content=\"2024-03-12T11:47:21+00:00\" \/>\n<meta property=\"og:image\" content=\"https:\/\/www.foscarini.com\/wp-content\/uploads\/2024\/03\/Tavola-da-disegno-21.jpg\" \/>\n\t<meta property=\"og:image:width\" content=\"2048\" \/>\n\t<meta property=\"og:image:height\" content=\"1327\" \/>\n\t<meta property=\"og:image:type\" content=\"image\/jpeg\" \/>\n<meta name=\"author\" content=\"valeria\" \/>\n<meta name=\"twitter:card\" content=\"summary_large_image\" \/>\n<meta name=\"twitter:label1\" content=\"Escrito por\" \/>\n\t<meta name=\"twitter:data1\" content=\"valeria\" \/>\n\t<meta name=\"twitter:label2\" content=\"Tiempo de lectura\" \/>\n\t<meta name=\"twitter:data2\" content=\"1 minuto\" \/>\n<script type=\"application\/ld+json\" class=\"yoast-schema-graph\">{\"@context\":\"https:\/\/schema.org\",\"@graph\":[{\"@type\":\"WebPage\",\"@id\":\"https:\/\/www.foscarini.com\/es\/los-personajes-de-ojos-grandes-de-fausto-gilberti-se-encuentran-con-las-lamparas-foscarini\/\",\"url\":\"https:\/\/www.foscarini.com\/es\/los-personajes-de-ojos-grandes-de-fausto-gilberti-se-encuentran-con-las-lamparas-foscarini\/\",\"name\":\"Los personajes de ojos grandes de Fausto Gilberti se encuentran con las l\u00e1mparas Foscarini - Foscarini\",\"isPartOf\":{\"@id\":\"https:\/\/www.foscarini.com\/#website\"},\"primaryImageOfPage\":{\"@id\":\"https:\/\/www.foscarini.com\/es\/los-personajes-de-ojos-grandes-de-fausto-gilberti-se-encuentran-con-las-lamparas-foscarini\/#primaryimage\"},\"image\":{\"@id\":\"https:\/\/www.foscarini.com\/es\/los-personajes-de-ojos-grandes-de-fausto-gilberti-se-encuentran-con-las-lamparas-foscarini\/#primaryimage\"},\"thumbnailUrl\":\"https:\/\/www.foscarini.com\/wp-content\/uploads\/2024\/03\/Tavola-da-disegno-21.jpg\",\"datePublished\":\"2024-03-08T15:58:44+00:00\",\"dateModified\":\"2024-03-12T11:47:21+00:00\",\"author\":{\"@id\":\"https:\/\/www.foscarini.com\/#\/schema\/person\/efd6ee4f284adb2ddd466254165b3e60\"},\"breadcrumb\":{\"@id\":\"https:\/\/www.foscarini.com\/es\/los-personajes-de-ojos-grandes-de-fausto-gilberti-se-encuentran-con-las-lamparas-foscarini\/#breadcrumb\"},\"inLanguage\":\"es\",\"potentialAction\":[{\"@type\":\"ReadAction\",\"target\":[\"https:\/\/www.foscarini.com\/es\/los-personajes-de-ojos-grandes-de-fausto-gilberti-se-encuentran-con-las-lamparas-foscarini\/\"]}]},{\"@type\":\"ImageObject\",\"inLanguage\":\"es\",\"@id\":\"https:\/\/www.foscarini.com\/es\/los-personajes-de-ojos-grandes-de-fausto-gilberti-se-encuentran-con-las-lamparas-foscarini\/#primaryimage\",\"url\":\"https:\/\/www.foscarini.com\/wp-content\/uploads\/2024\/03\/Tavola-da-disegno-21.jpg\",\"contentUrl\":\"https:\/\/www.foscarini.com\/wp-content\/uploads\/2024\/03\/Tavola-da-disegno-21.jpg\",\"width\":2048,\"height\":1327},{\"@type\":\"BreadcrumbList\",\"@id\":\"https:\/\/www.foscarini.com\/es\/los-personajes-de-ojos-grandes-de-fausto-gilberti-se-encuentran-con-las-lamparas-foscarini\/#breadcrumb\",\"itemListElement\":[{\"@type\":\"ListItem\",\"position\":1,\"name\":\"Home\",\"item\":\"https:\/\/www.foscarini.com\/es\/\"},{\"@type\":\"ListItem\",\"position\":2,\"name\":\"Los personajes de ojos grandes de Fausto Gilberti se encuentran con las l\u00e1mparas Foscarini\"}]},{\"@type\":\"WebSite\",\"@id\":\"https:\/\/www.foscarini.com\/#website\",\"url\":\"https:\/\/www.foscarini.com\/\",\"name\":\"Foscarini\",\"description\":\"\",\"potentialAction\":[{\"@type\":\"SearchAction\",\"target\":{\"@type\":\"EntryPoint\",\"urlTemplate\":\"https:\/\/www.foscarini.com\/?s={search_term_string}\"},\"query-input\":{\"@type\":\"PropertyValueSpecification\",\"valueRequired\":true,\"valueName\":\"search_term_string\"}}],\"inLanguage\":\"es\"},{\"@type\":\"Person\",\"@id\":\"https:\/\/www.foscarini.com\/#\/schema\/person\/efd6ee4f284adb2ddd466254165b3e60\",\"name\":\"valeria\",\"image\":{\"@type\":\"ImageObject\",\"inLanguage\":\"es\",\"@id\":\"https:\/\/www.foscarini.com\/#\/schema\/person\/image\/\",\"url\":\"https:\/\/secure.gravatar.com\/avatar\/66da3d4416909816d0d1ac32ce76fd87?s=96&d=mm&r=g\",\"contentUrl\":\"https:\/\/secure.gravatar.com\/avatar\/66da3d4416909816d0d1ac32ce76fd87?s=96&d=mm&r=g\",\"caption\":\"valeria\"}}]}<\/script>\n<!-- \/ Yoast SEO Premium plugin. -->","yoast_head_json":{"title":"Los personajes de ojos grandes de Fausto Gilberti se encuentran con las l\u00e1mparas Foscarini - Foscarini","robots":{"index":"index","follow":"follow","max-snippet":"max-snippet:-1","max-image-preview":"max-image-preview:large","max-video-preview":"max-video-preview:-1"},"og_locale":"es_ES","og_type":"article","og_title":"Los personajes de ojos grandes de Fausto Gilberti se encuentran con las l\u00e1mparas Foscarini","og_url":"https:\/\/www.foscarini.com\/es\/los-personajes-de-ojos-grandes-de-fausto-gilberti-se-encuentran-con-las-lamparas-foscarini\/","og_site_name":"Foscarini","article_published_time":"2024-03-08T15:58:44+00:00","article_modified_time":"2024-03-12T11:47:21+00:00","og_image":[{"width":2048,"height":1327,"url":"https:\/\/www.foscarini.com\/wp-content\/uploads\/2024\/03\/Tavola-da-disegno-21.jpg","type":"image\/jpeg"}],"author":"valeria","twitter_card":"summary_large_image","twitter_misc":{"Escrito por":"valeria","Tiempo de lectura":"1 minuto"},"schema":{"@context":"https:\/\/schema.org","@graph":[{"@type":"WebPage","@id":"https:\/\/www.foscarini.com\/es\/los-personajes-de-ojos-grandes-de-fausto-gilberti-se-encuentran-con-las-lamparas-foscarini\/","url":"https:\/\/www.foscarini.com\/es\/los-personajes-de-ojos-grandes-de-fausto-gilberti-se-encuentran-con-las-lamparas-foscarini\/","name":"Los personajes de ojos grandes de Fausto Gilberti se encuentran con las l\u00e1mparas Foscarini - Foscarini","isPartOf":{"@id":"https:\/\/www.foscarini.com\/#website"},"primaryImageOfPage":{"@id":"https:\/\/www.foscarini.com\/es\/los-personajes-de-ojos-grandes-de-fausto-gilberti-se-encuentran-con-las-lamparas-foscarini\/#primaryimage"},"image":{"@id":"https:\/\/www.foscarini.com\/es\/los-personajes-de-ojos-grandes-de-fausto-gilberti-se-encuentran-con-las-lamparas-foscarini\/#primaryimage"},"thumbnailUrl":"https:\/\/www.foscarini.com\/wp-content\/uploads\/2024\/03\/Tavola-da-disegno-21.jpg","datePublished":"2024-03-08T15:58:44+00:00","dateModified":"2024-03-12T11:47:21+00:00","author":{"@id":"https:\/\/www.foscarini.com\/#\/schema\/person\/efd6ee4f284adb2ddd466254165b3e60"},"breadcrumb":{"@id":"https:\/\/www.foscarini.com\/es\/los-personajes-de-ojos-grandes-de-fausto-gilberti-se-encuentran-con-las-lamparas-foscarini\/#breadcrumb"},"inLanguage":"es","potentialAction":[{"@type":"ReadAction","target":["https:\/\/www.foscarini.com\/es\/los-personajes-de-ojos-grandes-de-fausto-gilberti-se-encuentran-con-las-lamparas-foscarini\/"]}]},{"@type":"ImageObject","inLanguage":"es","@id":"https:\/\/www.foscarini.com\/es\/los-personajes-de-ojos-grandes-de-fausto-gilberti-se-encuentran-con-las-lamparas-foscarini\/#primaryimage","url":"https:\/\/www.foscarini.com\/wp-content\/uploads\/2024\/03\/Tavola-da-disegno-21.jpg","contentUrl":"https:\/\/www.foscarini.com\/wp-content\/uploads\/2024\/03\/Tavola-da-disegno-21.jpg","width":2048,"height":1327},{"@type":"BreadcrumbList","@id":"https:\/\/www.foscarini.com\/es\/los-personajes-de-ojos-grandes-de-fausto-gilberti-se-encuentran-con-las-lamparas-foscarini\/#breadcrumb","itemListElement":[{"@type":"ListItem","position":1,"name":"Home","item":"https:\/\/www.foscarini.com\/es\/"},{"@type":"ListItem","position":2,"name":"Los personajes de ojos grandes de Fausto Gilberti se encuentran con las l\u00e1mparas Foscarini"}]},{"@type":"WebSite","@id":"https:\/\/www.foscarini.com\/#website","url":"https:\/\/www.foscarini.com\/","name":"Foscarini","description":"","potentialAction":[{"@type":"SearchAction","target":{"@type":"EntryPoint","urlTemplate":"https:\/\/www.foscarini.com\/?s={search_term_string}"},"query-input":{"@type":"PropertyValueSpecification","valueRequired":true,"valueName":"search_term_string"}}],"inLanguage":"es"},{"@type":"Person","@id":"https:\/\/www.foscarini.com\/#\/schema\/person\/efd6ee4f284adb2ddd466254165b3e60","name":"valeria","image":{"@type":"ImageObject","inLanguage":"es","@id":"https:\/\/www.foscarini.com\/#\/schema\/person\/image\/","url":"https:\/\/secure.gravatar.com\/avatar\/66da3d4416909816d0d1ac32ce76fd87?s=96&d=mm&r=g","contentUrl":"https:\/\/secure.gravatar.com\/avatar\/66da3d4416909816d0d1ac32ce76fd87?s=96&d=mm&r=g","caption":"valeria"}}]}},"_links":{"self":[{"href":"https:\/\/www.foscarini.com\/es\/wp-json\/wp\/v2\/posts\/33400"}],"collection":[{"href":"https:\/\/www.foscarini.com\/es\/wp-json\/wp\/v2\/posts"}],"about":[{"href":"https:\/\/www.foscarini.com\/es\/wp-json\/wp\/v2\/types\/post"}],"author":[{"embeddable":true,"href":"https:\/\/www.foscarini.com\/es\/wp-json\/wp\/v2\/users\/10"}],"replies":[{"embeddable":true,"href":"https:\/\/www.foscarini.com\/es\/wp-json\/wp\/v2\/comments?post=33400"}],"version-history":[{"count":4,"href":"https:\/\/www.foscarini.com\/es\/wp-json\/wp\/v2\/posts\/33400\/revisions"}],"predecessor-version":[{"id":33871,"href":"https:\/\/www.foscarini.com\/es\/wp-json\/wp\/v2\/posts\/33400\/revisions\/33871"}],"wp:featuredmedia":[{"embeddable":true,"href":"https:\/\/www.foscarini.com\/es\/wp-json\/wp\/v2\/media\/33284"}],"wp:attachment":[{"href":"https:\/\/www.foscarini.com\/es\/wp-json\/wp\/v2\/media?parent=33400"}],"wp:term":[{"taxonomy":"category","embeddable":true,"href":"https:\/\/www.foscarini.com\/es\/wp-json\/wp\/v2\/categories?post=33400"},{"taxonomy":"post_tag","embeddable":true,"href":"https:\/\/www.foscarini.com\/es\/wp-json\/wp\/v2\/tags?post=33400"}],"curies":[{"name":"wp","href":"https:\/\/api.w.org\/{rel}","templated":true}]}}