{"id":33462,"date":"2023-10-06T09:26:00","date_gmt":"2023-10-06T09:26:00","guid":{"rendered":"https:\/\/www.foscarini.com\/chiaroscura-im-einer-ortsspezifischen-installation-in-der-triennale-in-mailand\/"},"modified":"2024-03-12T17:08:29","modified_gmt":"2024-03-12T17:08:29","slug":"chiaroscura-im-einer-ortsspezifischen-installation-in-der-triennale-in-mailand","status":"publish","type":"post","link":"https:\/\/www.foscarini.com\/de\/chiaroscura-im-einer-ortsspezifischen-installation-in-der-triennale-in-mailand\/","title":{"rendered":"Chiaroscura im einer ortsspezifischen Installation in der Triennale in Mailand"},"content":{"rendered":"<section class=\"articolo-titolo reading-time\">\n    <div class=\"ct-block\">\n        <div class=\"text\"><h2>Chiaroscura steht im Mittelpunkt der ortsspezifischen Beleuchtungsinstallation <em>\u201eStufenlicht\u201c<\/em> bei der Ehrentreppe der Triennale in Mailand, die zum Eingang der Ausstellung <em>&#8216;Alberto Meda: Spannung und Leichtigkeit&#8217;<\/em> begleitet, die einige der kompositorischen und methodologischen Merkmale von Alberto Meda erforscht.<\/h2>\n<\/div>\n                    <a class=\"link\" href=\"https:\/\/www.foscarini.com\/de\/concetto\/chiaroscura\/\">\n                Entdecken Sie Chiaroscura            <\/a>\n                <\/div>\n<\/section><section class=\"articolo-testo reading-time\">\n    <div class=\"ct-block\">\n        <div class=\"text\"><p>Anl\u00e4sslich der Ausstellung \u201eAlberto Meda, Spannung und Leichtheit\u201c, die die Triennale in Mailand dem gro\u00dfen italienischen Meister widmet und die vom 6. Oktober 2023 bis zum 24. M\u00e4rz 2024 besichtigt werden kann, setzte Foscarini nach dem Projekt von Meda eine ortsspezifische Installation f\u00fcr die Ehrentreppe der Triennale um, bei der 34 ma\u00dfangefertigte Leuchten CHIAROSCURA \u2013 17 auf jeder Seite der Treppe \u2013 im Mittelpunkt stehen, von der gr\u00f6\u00dften mit \u00fcber f\u00fcnf Metern H\u00f6he (552 cm) bis zur kleinsten mit einer H\u00f6he von 57 cm. Eine Lichtkulisse mit verschiedenen Dimmlevels, um eine Choreographie entstehen zu lassen.<\/p>\n<\/div>\n    <\/div>\n<\/section><section class=\"two_cols__image_link_and_image full-height-vh \">\n\n    <div class=\"swiper-container swiper__from_cols\">\n        <div class=\"swiper-wrapper col-2\">\n            <div class=\"swiper-slide full-height col-left \">\n                                        <img decoding=\"async\" class=\"full-cover\" src=\"https:\/\/www.foscarini.com\/wp-content\/uploads\/2024\/01\/Modulo4.1_Triennale-150x150.jpg\" srcset=\"https:\/\/www.foscarini.com\/wp-content\/uploads\/2024\/01\/Modulo4.1_Triennale-238x300.jpg 238w, https:\/\/www.foscarini.com\/wp-content\/uploads\/2024\/01\/Modulo4.1_Triennale-800x1009.jpg 800w, https:\/\/www.foscarini.com\/wp-content\/uploads\/2024\/01\/Modulo4.1_Triennale-812x1024.jpg 812w, https:\/\/www.foscarini.com\/wp-content\/uploads\/2024\/01\/Modulo4.1_Triennale-768x968.jpg 768w, https:\/\/www.foscarini.com\/wp-content\/uploads\/2024\/01\/Modulo4.1_Triennale.jpg 1082w\" alt=\"\" \/>\n                                    <\/div>\n            <div class=\"swiper-slide full-height\">\n                                        <img decoding=\"async\" class=\"img-left\" src=\"https:\/\/www.foscarini.com\/wp-content\/uploads\/2024\/01\/Modulo4.2_Triennale-150x150.jpg\" srcset=\"https:\/\/www.foscarini.com\/wp-content\/uploads\/2024\/01\/Modulo4.2_Triennale-271x300.jpg 271w, https:\/\/www.foscarini.com\/wp-content\/uploads\/2024\/01\/Modulo4.2_Triennale-800x885.jpg 800w, https:\/\/www.foscarini.com\/wp-content\/uploads\/2024\/01\/Modulo4.2_Triennale-768x850.jpg 768w, https:\/\/www.foscarini.com\/wp-content\/uploads\/2024\/01\/Modulo4.2_Triennale.jpg 864w\" alt=\"\" \/>\n                                            <div class=\"ct-text show-desktop-flex\">\n                        <a class=\"link-arrow no-link\" href=\"\">\n                            <span class=\"subtitle js-heading\"><\/span>\n                            <span class=\"title-little js-heading\"><\/span>\n                        <\/a>\n                        <div class=\"text-1 js-heading\"><\/div>\n                    <\/div>\n                                <\/div>\n        <\/div>\n    <\/div>\n\n    <div class=\"row show-mobile\">\n        <div class=\"small-12 columns\">\n            <div class=\"ct-text\">\n                <a class=\"link-arrow no-link\" href=\"\">\n                    <span class=\"subtitle js-heading\"><\/span>\n                    <span class=\"title-little js-heading\"><\/span>\n                <\/a>\n                <div class=\"text-1 js-heading\"><\/div>\n            <\/div>\n        <\/div>\n    <\/div>\n<\/section><section class=\"articolo-citazione reading-time\">\n    <div class=\"ct-block\">\n        <div class=\"text\"><p>\u201eAls mir Marco Sammicheli vorgeschlagen hat, anl\u00e4sslich meiner Einzelausstellung als Kurator \u00fcber eine Installation \u201evor Ort\u201c f\u00fcr die Ehrentreppe der Triennale in Mailand nachzudenken, nahm ich den Ort schnell in Augenschein und entdeckte, dass die Seitenw\u00e4nde der Treppe nicht durchgehend sind, sondern mit Marmors\u00e4ulen mit dreieckigem Querschnitt in einem Abstand von 10 cm voneinander ausgef\u00fchrt sind. Die Bereiche zwischen einer S\u00e4ule und der n\u00e4chsten weisen unterschiedliche H\u00f6hen auf: Sie beginnen am Anfang der Treppe bei einer H\u00f6he von ca. 5 Metern und betragen bei der letzten Stufe vor dem Zwischengeschoss ca. 50 cm. Ich wollte eine Arbeit umsetzen, die die Architektur ber\u00fccksichtigt, die sich diskret anpasst und sie aufwertet und so dachte ich, dass Licht die L\u00f6sung sein k\u00f6nnte. Leuchtelemente zwischen einer S\u00e4ule und der n\u00e4chsten einzuf\u00fcgen, konnte die perfekte Idee sein. So fiel mir Chiaroscura ein, der Strahler mit dreieckigem Querschnitt, wie der der S\u00e4ulen, den ich mit meinem Sohn Francesco f\u00fcr Foscarini entworfen hatte, und auch seine baulichen Merkmale, da er mit stranggepressten Aluminium- und Methacrylatprofilen gefertigt war und somit in verschiedenen L\u00e4ngen erh\u00e4ltlich war, auch bis zu 6 Meter lang. Die Strangpresstechnologie und ihre charakteristische dimensionale Freiheit lie\u00dfen mir die Idee kommen, ein \u201estufenf\u00f6rmiges\u201c Beleuchtungsprojekt umzusetzen, das von drei Seiten Licht verstr\u00f6mt, sowohl auf der Ehrentreppe, als auch auf den beiden Treppen, die zum Theater f\u00fchren. Es schien mir interessant, diesem Projekt auch eine andere Dimension zu verleihen, eine dynamische Beleuchtungsdimension, und so arbeiteten wir mit Foscarini an einer elektronischen L\u00f6sung, um diesen Effekt zu erzielen.\u201c<\/p>\n<\/div>\n        <div class=\"cit\"><p>ALBERTO MEDA<br \/>\n\/ Ingenieur, Designer und Planer<\/p>\n<\/div>\n    <\/div>\n<\/section><section class=\"two_cols__image_link_and_image full-height-vh \">\n\n    <div class=\"swiper-container swiper__from_cols\">\n        <div class=\"swiper-wrapper col-2\">\n            <div class=\"swiper-slide full-height col-left \">\n                                        <img decoding=\"async\" class=\"img-left\" src=\"https:\/\/www.foscarini.com\/wp-content\/uploads\/2024\/01\/Modulo4.3_Triennale-150x150.jpg\" srcset=\"https:\/\/www.foscarini.com\/wp-content\/uploads\/2024\/01\/Modulo4.3_Triennale-271x300.jpg 271w, https:\/\/www.foscarini.com\/wp-content\/uploads\/2024\/01\/Modulo4.3_Triennale-800x885.jpg 800w, https:\/\/www.foscarini.com\/wp-content\/uploads\/2024\/01\/Modulo4.3_Triennale-768x850.jpg 768w, https:\/\/www.foscarini.com\/wp-content\/uploads\/2024\/01\/Modulo4.3_Triennale.jpg 864w\" alt=\"\" \/>\n                                            <div class=\"ct-text show-for-medium\">\n                        <a class=\"link-arrow no-link\" href=\"\">\n                            <span class=\"subtitle js-heading\"><\/span>\n                            <span class=\"title-little js-heading\"><\/span>\n                        <\/a>\n                        <div class=\"text-1 js-heading\"><\/div>\n                    <\/div>\n                                <\/div>\n            <div class=\"swiper-slide full-height\">\n                                        <img decoding=\"async\" class=\"full-cover\" src=\"https:\/\/www.foscarini.com\/wp-content\/uploads\/2023\/10\/Modulo4.4_Triennale-150x150.jpg\" srcset=\"https:\/\/www.foscarini.com\/wp-content\/uploads\/2023\/10\/Modulo4.4_Triennale-238x300.jpg 238w, https:\/\/www.foscarini.com\/wp-content\/uploads\/2023\/10\/Modulo4.4_Triennale-800x1009.jpg 800w, https:\/\/www.foscarini.com\/wp-content\/uploads\/2023\/10\/Modulo4.4_Triennale-812x1024.jpg 812w, https:\/\/www.foscarini.com\/wp-content\/uploads\/2023\/10\/Modulo4.4_Triennale-768x968.jpg 768w, https:\/\/www.foscarini.com\/wp-content\/uploads\/2023\/10\/Modulo4.4_Triennale.jpg 1082w\" alt=\"\" \/>\n                                    <\/div>\n        <\/div>\n    <\/div>\n\n    <div class=\"row show-mobile\">\n        <div class=\"small-12 columns\">\n            <div class=\"ct-text\">\n                <a class=\"link-arrow no-link\" href=\"\">\n                    <span class=\"subtitle js-heading\"><\/span>\n                    <span class=\"title-little js-heading\"><\/span>\n                <\/a>\n                <div class=\"text-1 js-heading\"><\/div>\n            <\/div>\n        <\/div>\n    <\/div>\n<\/section><p><\/p><section class=\"articolo-testo reading-time\">\n    <div class=\"ct-block\">\n        <div class=\"text\"><p>CHIAROSCURA verk\u00f6rpert Foscarinis F\u00e4higkeit, speziellen Anforderungen von Innenarchitekten und Designern zu entsprechen, und zeugt vom innovativen Wesen der Marke. Ein Licht, das im modernen Zeitalter entsteht und das seine charakteristische Pers\u00f6nlichkeit dem besonderen Leuchteffekt und der originellen Harmonie zwischen Form und Funktion verdankt.<\/p>\n<p>Die von Alberto mit seinem Sohn Francesco entworfene CHIAROSCURA ist die moderne Neuinterpretation des klassischen Strahlers. Die trotz ihrer schlichten Pr\u00e4senz charaktervolle CHIAROSCURA, die rundum Licht verstr\u00f6mt, entsteht aus einer Projektherausforderung heraus: Sie soll n\u00e4mlich die M\u00f6glichkeit erforschen, die Funktionsf\u00e4higkeit des klassischen Strahlers zu bereichern, der naturgem\u00e4\u00df nur indirektes Licht nach oben wirft. Der elegante und leichte K\u00f6rper von Chiaroscura, der vollkommen beleuchtet, nicht mehr nur beleuchtend ist, stellte das Ziel dar, das die Bestimmung der Form, die Wahl der Materialien und der Produktionstechnologien begleitete.<\/p>\n<p>Gemeinsam mit Foscarini haben die Meda n\u00e4mlich ihre Funktionsweise erweitert und eine dreieckige Struktur aus strangepresstem Aluminiumprofil mit einer LED erzeugt: einen \u201eK\u00e4fig\u201c, in dem sich ein opalenes Kunststoffprofil befindet, das Licht ausstr\u00f6mt. Im Unterschied zum klassischen Strahler verbreitet CHIAROSCURA ein Raumlicht an den Seiten und ein indirektes Licht an der Decke.<br \/>\nDer zarte und sichtlich leichte K\u00f6rper von CHIAROSCURA und ihr warmes und angenehmes Licht machen sie anpassungsf\u00e4hig und vielseitig einsetzbar, damit ihre diskrete Pers\u00f6nlichkeit unterschiedliche R\u00e4ume bereichert, vom Wohn- bis zum Objektbereich, vom B\u00fcro bis hin zum Heim.<\/p>\n<p>Chiaroscura ist eine Leuchte, die \u2013 auf Anfrage und bei besonderen Projektanforderungen \u2013 auch in verschiedenen H\u00f6hen im Vergleich zur im Katalog verf\u00fcgbaren Standardausf\u00fchrung erzeugt werden kann.<\/p>\n<\/div>\n    <\/div>\n<\/section><section class=\"ambient_single__img_lateral full-height-vh \">\n    <div class=\"row row-large\">\n        <div class=\"small-12 medium-10 medium-offset-1  columns full-height no-padding-right-mobile\">\n            <div class=\"ct-image js-img\">\n                                    <img decoding=\"async\" src=\"https:\/\/www.foscarini.com\/wp-content\/uploads\/2024\/01\/Modulo2_Triennale-150x150.jpg\" srcset=\"https:\/\/www.foscarini.com\/wp-content\/uploads\/2024\/01\/Modulo2_Triennale-300x167.jpg 300w, https:\/\/www.foscarini.com\/wp-content\/uploads\/2024\/01\/Modulo2_Triennale-scaled-800x444.jpg 800w, https:\/\/www.foscarini.com\/wp-content\/uploads\/2024\/01\/Modulo2_Triennale-1024x569.jpg 1024w, https:\/\/www.foscarini.com\/wp-content\/uploads\/2024\/01\/Modulo2_Triennale-768x427.jpg 768w, https:\/\/www.foscarini.com\/wp-content\/uploads\/2024\/01\/Modulo2_Triennale-1536x853.jpg 1536w, https:\/\/www.foscarini.com\/wp-content\/uploads\/2024\/01\/Modulo2_Triennale-2048x1137.jpg 2048w\" alt=\"\" \/>\n                    \n                            <\/div>\n        <\/div>\n    <\/div>\n<\/section>","protected":false},"excerpt":{"rendered":"","protected":false},"author":1,"featured_media":13781,"comment_status":"open","ping_status":"open","sticky":false,"template":"","format":"standard","meta":{"_acf_changed":false,"footnotes":""},"categories":[1211,1205],"tags":[1196,1272,1270,1271],"class_list":["post-33462","post","type-post","status-publish","format-standard","has-post-thumbnail","hentry","category-kultur","category-produkt","tag-ausstellung-de","tag-chiaroscura-de","tag-installation-de","tag-meda-de"],"acf":{"articolo_-_tempo_di_lettura":{"minuti":"1 min"},"preview_slider":{"titolo":"Luce scalare","testo":"Chiaroscura steht im Mittelpunkt einer ortsspezifischen Installation im Rahmen der Ausstellung \u201eAlberto Meda, Spannung und Leichtheit\u201c in der Triennale in Mailand.","video_domanda":false,"link_video":""}},"yoast_head":"<!-- This site is optimized with the Yoast SEO Premium plugin v22.4 (Yoast SEO v23.7) - https:\/\/yoast.com\/wordpress\/plugins\/seo\/ -->\n<title>Chiaroscura im einer ortsspezifischen Installation in der Triennale in Mailand - Foscarini<\/title>\n<meta name=\"robots\" content=\"index, follow, max-snippet:-1, max-image-preview:large, max-video-preview:-1\" \/>\n<meta property=\"og:locale\" content=\"de_DE\" \/>\n<meta property=\"og:type\" content=\"article\" \/>\n<meta property=\"og:title\" content=\"Chiaroscura im einer ortsspezifischen Installation in der Triennale in Mailand\" \/>\n<meta property=\"og:url\" content=\"https:\/\/www.foscarini.com\/de\/chiaroscura-im-einer-ortsspezifischen-installation-in-der-triennale-in-mailand\/\" \/>\n<meta property=\"og:site_name\" content=\"Foscarini\" \/>\n<meta property=\"article:published_time\" content=\"2023-10-06T09:26:00+00:00\" \/>\n<meta property=\"article:modified_time\" content=\"2024-03-12T17:08:29+00:00\" \/>\n<meta property=\"og:image\" content=\"https:\/\/www.foscarini.com\/wp-content\/uploads\/2024\/01\/Modulo1_Triennale.jpg\" \/>\n\t<meta property=\"og:image:width\" content=\"2232\" \/>\n\t<meta property=\"og:image:height\" content=\"1446\" \/>\n\t<meta property=\"og:image:type\" content=\"image\/jpeg\" \/>\n<meta name=\"author\" content=\"abernardi\" \/>\n<meta name=\"twitter:card\" content=\"summary_large_image\" \/>\n<meta name=\"twitter:label1\" content=\"Verfasst von\" \/>\n\t<meta name=\"twitter:data1\" content=\"abernardi\" \/>\n\t<meta name=\"twitter:label2\" content=\"Gesch\u00e4tzte Lesezeit\" \/>\n\t<meta name=\"twitter:data2\" content=\"1\u00a0Minute\" \/>\n<script type=\"application\/ld+json\" class=\"yoast-schema-graph\">{\"@context\":\"https:\/\/schema.org\",\"@graph\":[{\"@type\":\"WebPage\",\"@id\":\"https:\/\/www.foscarini.com\/de\/chiaroscura-im-einer-ortsspezifischen-installation-in-der-triennale-in-mailand\/\",\"url\":\"https:\/\/www.foscarini.com\/de\/chiaroscura-im-einer-ortsspezifischen-installation-in-der-triennale-in-mailand\/\",\"name\":\"Chiaroscura im einer ortsspezifischen Installation in der Triennale in Mailand - Foscarini\",\"isPartOf\":{\"@id\":\"https:\/\/www.foscarini.com\/#website\"},\"primaryImageOfPage\":{\"@id\":\"https:\/\/www.foscarini.com\/de\/chiaroscura-im-einer-ortsspezifischen-installation-in-der-triennale-in-mailand\/#primaryimage\"},\"image\":{\"@id\":\"https:\/\/www.foscarini.com\/de\/chiaroscura-im-einer-ortsspezifischen-installation-in-der-triennale-in-mailand\/#primaryimage\"},\"thumbnailUrl\":\"https:\/\/www.foscarini.com\/wp-content\/uploads\/2024\/01\/Modulo1_Triennale.jpg\",\"datePublished\":\"2023-10-06T09:26:00+00:00\",\"dateModified\":\"2024-03-12T17:08:29+00:00\",\"author\":{\"@id\":\"https:\/\/www.foscarini.com\/#\/schema\/person\/54091c2854e2d4b5ebb0c81568687e10\"},\"breadcrumb\":{\"@id\":\"https:\/\/www.foscarini.com\/de\/chiaroscura-im-einer-ortsspezifischen-installation-in-der-triennale-in-mailand\/#breadcrumb\"},\"inLanguage\":\"de\",\"potentialAction\":[{\"@type\":\"ReadAction\",\"target\":[\"https:\/\/www.foscarini.com\/de\/chiaroscura-im-einer-ortsspezifischen-installation-in-der-triennale-in-mailand\/\"]}]},{\"@type\":\"ImageObject\",\"inLanguage\":\"de\",\"@id\":\"https:\/\/www.foscarini.com\/de\/chiaroscura-im-einer-ortsspezifischen-installation-in-der-triennale-in-mailand\/#primaryimage\",\"url\":\"https:\/\/www.foscarini.com\/wp-content\/uploads\/2024\/01\/Modulo1_Triennale.jpg\",\"contentUrl\":\"https:\/\/www.foscarini.com\/wp-content\/uploads\/2024\/01\/Modulo1_Triennale.jpg\",\"width\":2232,\"height\":1446},{\"@type\":\"BreadcrumbList\",\"@id\":\"https:\/\/www.foscarini.com\/de\/chiaroscura-im-einer-ortsspezifischen-installation-in-der-triennale-in-mailand\/#breadcrumb\",\"itemListElement\":[{\"@type\":\"ListItem\",\"position\":1,\"name\":\"Home\",\"item\":\"https:\/\/www.foscarini.com\/de\/\"},{\"@type\":\"ListItem\",\"position\":2,\"name\":\"Chiaroscura im einer ortsspezifischen Installation in der Triennale in Mailand\"}]},{\"@type\":\"WebSite\",\"@id\":\"https:\/\/www.foscarini.com\/#website\",\"url\":\"https:\/\/www.foscarini.com\/\",\"name\":\"Foscarini\",\"description\":\"\",\"potentialAction\":[{\"@type\":\"SearchAction\",\"target\":{\"@type\":\"EntryPoint\",\"urlTemplate\":\"https:\/\/www.foscarini.com\/?s={search_term_string}\"},\"query-input\":{\"@type\":\"PropertyValueSpecification\",\"valueRequired\":true,\"valueName\":\"search_term_string\"}}],\"inLanguage\":\"de\"},{\"@type\":\"Person\",\"@id\":\"https:\/\/www.foscarini.com\/#\/schema\/person\/54091c2854e2d4b5ebb0c81568687e10\",\"name\":\"abernardi\",\"image\":{\"@type\":\"ImageObject\",\"inLanguage\":\"de\",\"@id\":\"https:\/\/www.foscarini.com\/#\/schema\/person\/image\/\",\"url\":\"https:\/\/secure.gravatar.com\/avatar\/73f518379567d85106d54d6356a40f54?s=96&d=mm&r=g\",\"contentUrl\":\"https:\/\/secure.gravatar.com\/avatar\/73f518379567d85106d54d6356a40f54?s=96&d=mm&r=g\",\"caption\":\"abernardi\"},\"sameAs\":[\"http:\/\/www.foscarini.com\"]}]}<\/script>\n<!-- \/ Yoast SEO Premium plugin. -->","yoast_head_json":{"title":"Chiaroscura im einer ortsspezifischen Installation in der Triennale in Mailand - Foscarini","robots":{"index":"index","follow":"follow","max-snippet":"max-snippet:-1","max-image-preview":"max-image-preview:large","max-video-preview":"max-video-preview:-1"},"og_locale":"de_DE","og_type":"article","og_title":"Chiaroscura im einer ortsspezifischen Installation in der Triennale in Mailand","og_url":"https:\/\/www.foscarini.com\/de\/chiaroscura-im-einer-ortsspezifischen-installation-in-der-triennale-in-mailand\/","og_site_name":"Foscarini","article_published_time":"2023-10-06T09:26:00+00:00","article_modified_time":"2024-03-12T17:08:29+00:00","og_image":[{"width":2232,"height":1446,"url":"https:\/\/www.foscarini.com\/wp-content\/uploads\/2024\/01\/Modulo1_Triennale.jpg","type":"image\/jpeg"}],"author":"abernardi","twitter_card":"summary_large_image","twitter_misc":{"Verfasst von":"abernardi","Gesch\u00e4tzte Lesezeit":"1\u00a0Minute"},"schema":{"@context":"https:\/\/schema.org","@graph":[{"@type":"WebPage","@id":"https:\/\/www.foscarini.com\/de\/chiaroscura-im-einer-ortsspezifischen-installation-in-der-triennale-in-mailand\/","url":"https:\/\/www.foscarini.com\/de\/chiaroscura-im-einer-ortsspezifischen-installation-in-der-triennale-in-mailand\/","name":"Chiaroscura im einer ortsspezifischen Installation in der Triennale in Mailand - Foscarini","isPartOf":{"@id":"https:\/\/www.foscarini.com\/#website"},"primaryImageOfPage":{"@id":"https:\/\/www.foscarini.com\/de\/chiaroscura-im-einer-ortsspezifischen-installation-in-der-triennale-in-mailand\/#primaryimage"},"image":{"@id":"https:\/\/www.foscarini.com\/de\/chiaroscura-im-einer-ortsspezifischen-installation-in-der-triennale-in-mailand\/#primaryimage"},"thumbnailUrl":"https:\/\/www.foscarini.com\/wp-content\/uploads\/2024\/01\/Modulo1_Triennale.jpg","datePublished":"2023-10-06T09:26:00+00:00","dateModified":"2024-03-12T17:08:29+00:00","author":{"@id":"https:\/\/www.foscarini.com\/#\/schema\/person\/54091c2854e2d4b5ebb0c81568687e10"},"breadcrumb":{"@id":"https:\/\/www.foscarini.com\/de\/chiaroscura-im-einer-ortsspezifischen-installation-in-der-triennale-in-mailand\/#breadcrumb"},"inLanguage":"de","potentialAction":[{"@type":"ReadAction","target":["https:\/\/www.foscarini.com\/de\/chiaroscura-im-einer-ortsspezifischen-installation-in-der-triennale-in-mailand\/"]}]},{"@type":"ImageObject","inLanguage":"de","@id":"https:\/\/www.foscarini.com\/de\/chiaroscura-im-einer-ortsspezifischen-installation-in-der-triennale-in-mailand\/#primaryimage","url":"https:\/\/www.foscarini.com\/wp-content\/uploads\/2024\/01\/Modulo1_Triennale.jpg","contentUrl":"https:\/\/www.foscarini.com\/wp-content\/uploads\/2024\/01\/Modulo1_Triennale.jpg","width":2232,"height":1446},{"@type":"BreadcrumbList","@id":"https:\/\/www.foscarini.com\/de\/chiaroscura-im-einer-ortsspezifischen-installation-in-der-triennale-in-mailand\/#breadcrumb","itemListElement":[{"@type":"ListItem","position":1,"name":"Home","item":"https:\/\/www.foscarini.com\/de\/"},{"@type":"ListItem","position":2,"name":"Chiaroscura im einer ortsspezifischen Installation in der Triennale in Mailand"}]},{"@type":"WebSite","@id":"https:\/\/www.foscarini.com\/#website","url":"https:\/\/www.foscarini.com\/","name":"Foscarini","description":"","potentialAction":[{"@type":"SearchAction","target":{"@type":"EntryPoint","urlTemplate":"https:\/\/www.foscarini.com\/?s={search_term_string}"},"query-input":{"@type":"PropertyValueSpecification","valueRequired":true,"valueName":"search_term_string"}}],"inLanguage":"de"},{"@type":"Person","@id":"https:\/\/www.foscarini.com\/#\/schema\/person\/54091c2854e2d4b5ebb0c81568687e10","name":"abernardi","image":{"@type":"ImageObject","inLanguage":"de","@id":"https:\/\/www.foscarini.com\/#\/schema\/person\/image\/","url":"https:\/\/secure.gravatar.com\/avatar\/73f518379567d85106d54d6356a40f54?s=96&d=mm&r=g","contentUrl":"https:\/\/secure.gravatar.com\/avatar\/73f518379567d85106d54d6356a40f54?s=96&d=mm&r=g","caption":"abernardi"},"sameAs":["http:\/\/www.foscarini.com"]}]}},"_links":{"self":[{"href":"https:\/\/www.foscarini.com\/de\/wp-json\/wp\/v2\/posts\/33462"}],"collection":[{"href":"https:\/\/www.foscarini.com\/de\/wp-json\/wp\/v2\/posts"}],"about":[{"href":"https:\/\/www.foscarini.com\/de\/wp-json\/wp\/v2\/types\/post"}],"author":[{"embeddable":true,"href":"https:\/\/www.foscarini.com\/de\/wp-json\/wp\/v2\/users\/1"}],"replies":[{"embeddable":true,"href":"https:\/\/www.foscarini.com\/de\/wp-json\/wp\/v2\/comments?post=33462"}],"version-history":[{"count":3,"href":"https:\/\/www.foscarini.com\/de\/wp-json\/wp\/v2\/posts\/33462\/revisions"}],"predecessor-version":[{"id":34013,"href":"https:\/\/www.foscarini.com\/de\/wp-json\/wp\/v2\/posts\/33462\/revisions\/34013"}],"wp:featuredmedia":[{"embeddable":true,"href":"https:\/\/www.foscarini.com\/de\/wp-json\/wp\/v2\/media\/13781"}],"wp:attachment":[{"href":"https:\/\/www.foscarini.com\/de\/wp-json\/wp\/v2\/media?parent=33462"}],"wp:term":[{"taxonomy":"category","embeddable":true,"href":"https:\/\/www.foscarini.com\/de\/wp-json\/wp\/v2\/categories?post=33462"},{"taxonomy":"post_tag","embeddable":true,"href":"https:\/\/www.foscarini.com\/de\/wp-json\/wp\/v2\/tags?post=33462"}],"curies":[{"name":"wp","href":"https:\/\/api.w.org\/{rel}","templated":true}]}}