{"id":302998,"date":"2024-05-02T14:50:09","date_gmt":"2024-05-02T14:50:09","guid":{"rendered":"https:\/\/www.foscarini.com\/?p=302998"},"modified":"2024-05-16T13:47:30","modified_gmt":"2024-05-16T13:47:30","slug":"francesca-gastone-whatsinalamp","status":"publish","type":"post","link":"https:\/\/www.foscarini.com\/de\/francesca-gastone-whatsinalamp\/","title":{"rendered":"Francesca Gastones Surreale Mikrokosmen mit Foscarini-Lampen"},"content":{"rendered":"<section class=\"articolo-titolo reading-time\">\n    <div class=\"ct-block\">\n        <div class=\"text\"><h2>Mit ihrem Talent, reale Elemente in fesselnde Collagenkunst zu verschmelzen, erschafft Francesca Gastone konzeptionelle Wunder, die Staunen und Freude inspirieren. In der neuesten Serie des Projekts &#8220;What&#8217;s in a lamp?&#8221; haucht sie Foscarini-Lampen Leben ein und verwandelt sie in Leuchtfeuer, die bezaubernde Mikrokosmen des Alltags erhellen.<\/h2>\n<\/div>\n            <\/div>\n<\/section><section class=\"articolo-testo reading-time\">\n    <div class=\"ct-block\">\n        <div class=\"text\"><p>Francesca Gastone, Absolventin der Architektur am Politecnico di Milano und spezialisiert auf redaktionelle Illustration, sch\u00f6pft ihre Inspiration aus ihren Erfahrungen in Metropolen wie S\u00e3o Paulo und Hongkong. Ihre Illustrationen erfassen die Essenz menschlicher Interaktionen, Emotionen, die Einzigartigkeit jedes Einzelnen in der Menge, w\u00e4hrend ihre Ausbildung in Architektur sich in der sorgf\u00e4ltigen Raumgestaltung und Komposition zeigt. <\/p>\n<p>In ihrer Serie f\u00fcr &#8220;What&#8217;s in a lamp?&#8221; illustriert Francesca Gastone mit der Technik des digitalen Collagens Lebensgeschichten, die sich um eine Auswahl von Lampen aus der Foscarini-Kollektion formen. In diesen eindrucksvollen Illustrationen beleuchtet jede Lampe Episoden des t\u00e4glichen Lebens in Mikro-Welten, die gleichzeitig vertraut und surreal erscheinen und entwickelt Erz\u00e4hlungen, in die einzutauchen nat\u00fcrlich ist und Protagonisten skizziert, mit denen wir uns identifizieren k\u00f6nnen. Visuelle Geschichten, die wie Br\u00fccken zu den Lampen, die sie zum Leben erwecken, Wege zeichnen, die uns ihrem Licht n\u00e4her bringen.<\/p>\n<\/div>\n    <\/div>\n<\/section><section class=\"articolo-citazione reading-time\">\n    <div class=\"ct-block\">\n        <div class=\"text\"><p>&#8220;Die Zeit entfaltet sich in einer Abfolge von Morgen, Nachmittagen, Abenden und N\u00e4chten; die Lampen scheinen unver\u00e4ndert zu bleiben, besitzen jedoch diese bemerkenswerte F\u00e4higkeit, zu leuchten und zum Leben zu erwachen, den Raum und das Leben um sie herum zu verwandeln &#8211; der einzige Unterschied hier: er wird auf einer anderen Skala vergr\u00f6\u00dfert.&#8221;<\/p>\n<\/div>\n        <div class=\"cit\"><p>Francesca Gastone<\/p>\n<\/div>\n    <\/div>\n<\/section><section class=\"articolo-testo reading-time\">\n    <div class=\"ct-block\">\n        <div class=\"text\"><p>In diesem exklusiven Interview gibt Gastone Einblicke in ihren kreativen Prozess und verfolgt ihre Reise von einer kindlichen Faszination f\u00fcr das Zeichnen bis hin zu ihrer Entwicklung als Illustratorin und Architektin. Sie geht auf die Inspiration hinter ihrer Zusammenarbeit mit Foscarini ein und teilt die Einfl\u00fcsse, die ihre k\u00fcnstlerische Vision pr\u00e4gen.<\/p>\n<\/div>\n    <\/div>\n<\/section><section class=\"three_cols__images full-height-vh \">\n    <div class=\"swiper-container swiper__from_cols\">\n        <div class=\"swiper-wrapper large col-3 full-height \">\n                                <div class=\"swiper-slide js-img\">\n                                                    <img decoding=\"async\" class=\"full-cover\" src=\"https:\/\/www.foscarini.com\/wp-content\/uploads\/2024\/05\/FLEUR_FRANCESCA_GASTONE_FOSCARINI-2-150x150.png\" srcset=\"https:\/\/www.foscarini.com\/wp-content\/uploads\/2024\/05\/FLEUR_FRANCESCA_GASTONE_FOSCARINI-2-188x300.png 188w, https:\/\/www.foscarini.com\/wp-content\/uploads\/2024\/05\/FLEUR_FRANCESCA_GASTONE_FOSCARINI-2.png 581w\" alt=\"\" \/>\n                                                <\/div>\n                                        <div class=\"swiper-slide js-img\">\n                                                    <img decoding=\"async\" class=\"full-cover\" src=\"https:\/\/www.foscarini.com\/wp-content\/uploads\/2024\/05\/FLEUR_FRANCESCA_GASTONE_FOSCARINI-3-150x150.png\" srcset=\"https:\/\/www.foscarini.com\/wp-content\/uploads\/2024\/05\/FLEUR_FRANCESCA_GASTONE_FOSCARINI-3-188x300.png 188w, https:\/\/www.foscarini.com\/wp-content\/uploads\/2024\/05\/FLEUR_FRANCESCA_GASTONE_FOSCARINI-3.png 581w\" alt=\"\" \/>\n                                                <\/div>\n                                        <div class=\"swiper-slide js-img\">\n                                                    <img decoding=\"async\" class=\"full-cover\" src=\"https:\/\/www.foscarini.com\/wp-content\/uploads\/2024\/05\/FLEUR_FRANCESCA_GASTONE_FOSCARINI-1-150x150.png\" srcset=\"https:\/\/www.foscarini.com\/wp-content\/uploads\/2024\/05\/FLEUR_FRANCESCA_GASTONE_FOSCARINI-1-188x300.png 188w, https:\/\/www.foscarini.com\/wp-content\/uploads\/2024\/05\/FLEUR_FRANCESCA_GASTONE_FOSCARINI-1.png 581w\" alt=\"\" \/>\n                                                <\/div>\n                            <\/div>\n    <\/div>\n<\/section><section class=\"articolo-testo reading-time\">\n    <div class=\"ct-block\">\n        <div class=\"text\"><p><strong>Hallo, Francesca! K\u00f6nnen Sie uns etwas \u00fcber sich selbst und Ihre k\u00fcnstlerische Reise erz\u00e4hlen? Wann haben Sie mit dem Zeichnen begonnen und wann haben Sie erkannt, dass Sie Illustratorin werden wollen? <\/strong><\/p>\n<p>Das Zeichnen ist mir immer leicht gefallen, und meine Liebe zur Kunst in all ihren Formen f\u00fchrte dazu, dass ich eine Kunstschule absolvierte und sp\u00e4ter einen Abschluss in Architektur machte. Ich begann als Architektin in Italien zu arbeiten und dann in S\u00e3o Paulo, Brasilien, und Hongkong. Mein erster Kontakt mit der Illustration ergab sich zuf\u00e4llig aus der Notwendigkeit heraus, Innenarchitekturprobleme zu l\u00f6sen. W\u00e4hrend meiner Zeit in S\u00e3o Paulo, einer kulturell reichen Stadt, fand ich fruchtbaren Boden, um in diese Welt einzutauchen: Ich begann, immer mehr Zeitschriften und illustrierte B\u00fccher zu kaufen, besuchte Workshops und Kurse, hatte aber nur wenig Bewusstsein daf\u00fcr, wie die Illustration zu einem echten Beruf werden k\u00f6nnte. Die Geburt meiner Tochter Olivia fiel mit meinem Umzug nach Hongkong zusammen. Diese Zeit, gekennzeichnet durch langsame, aber intensive Rhythmen, Entdeckungen, Neugierde und eine echte Vertiefung in Bilderb\u00fccher, war ein Wendepunkt. Eines Tages nahm ich ein Flugzeug nach Shanghai und verbrachte drei Tage damit, meine Werke (zu dieser Zeit noch sehr roh) auf der Shanghai Children&#8217;s Book Fair zu pr\u00e4sentieren. Ich sammelte nicht viel, aber ich verstand, dass es ein echter, erreichbarer Weg war, und die Illustration wurde zur Notwendigkeit. Ich hatte jedoch das Gef\u00fchl, dass mir solide Grundlagen fehlten, also beschloss ich 2021, mich f\u00fcr ein Masterstudium in Mailand einzuschreiben. Ab diesem Moment \u00e4nderte sich meine Perspektive auf diesen Beruf, und ich erkannte, dass die Illustration in der richtigen Menge alles umfasste, was ich liebte.<\/p>\n<p>&nbsp;<\/p>\n<p><strong>Wie vereinen und beeinflussen sich die beiden Seelen von Francesca Gastone, der Architektin und der Illustratorin? <\/strong><\/p>\n<p>Sie existieren st\u00e4ndig nebeneinander und beeinflussen sich gegenseitig in dem Ma\u00dfe, dass es manchmal schwierig ist zu unterscheiden, wo die eine endet und die andere beginnt. Ich erinnere mich, dass ich im Alter von 7 Jahren nur D\u00e4cher und Fliesen gezeichnet habe, und mein Lehrer sagte meiner Mutter scherzhaft, dass ich Architekt werden w\u00fcrde. Ob es ihr unersch\u00fctterliches Vertrauen in ihr Urteil oder eine echte Neigung war, die mich motivierte, ich nahm diese Worte als Offenbarung an, als h\u00e4tte ich ein Geschenk erhalten, und der Weg vor mir war auf wundersame Weise klar geworden. Das Bild des Architekten erschien mir magisch und unglaublich m\u00e4chtig; niemand in meiner Familie hatte jemals diesen Beruf gewagt. Diese Anekdote zaubert mir heute noch ein L\u00e4cheln aufs Gesicht, und ich glaube, die Architektur bleibt eine meiner gr\u00f6\u00dften Leidenschaften; ich verdanke ihr viel. Im Laufe der Jahre, und nachdem ich auf drei Kontinenten mit unterschiedlichen Ans\u00e4tzen zur Arbeit des Architekten gelebt habe, wurde mir klar, dass diese Rolle f\u00fcr mich oft beengend war. Die Illustration l\u00f6ste auf seltsame Weise viele Dinge, die in mir ungel\u00f6st waren, aber die Wahrheit ist, dass ich mich auch dann wie eine Architektin f\u00fchle, wenn ich illustriere. Die polytechnische Schule hat mir eine Methode eingefl\u00f6\u00dft, die ich fast unbewusst auf jeden Aspekt meines beruflichen Lebens anwende. Es ist ein unsch\u00e4tzbares, aber manchmal auch belastendes Gep\u00e4ck, das mich oft in Muster einschlie\u00dft, aus denen ich schwer herauskomme.<\/p>\n<p>&nbsp;<\/p>\n<p><strong>Wie w\u00fcrden Sie Ihren k\u00fcnstlerischen Stil beschreiben, und wie hat er sich im Laufe der Zeit entwickelt? <\/strong><\/p>\n<p>Tats\u00e4chlich begann ich damit, das zu tun, was ich in der Architektur immer gemacht habe, aber anstelle von Baupl\u00e4nen und technischen Zeichnungen begann ich, imagin\u00e4re und metaphorische Strukturen zu erschaffen und sie zum Leben zu erwecken. Architektur geht nicht nur um Geb\u00e4ude; es ist ein Werkzeug, um jedes Thema zu erforschen, weil es in uns allen widerhallt. Menschen k\u00f6nnen nicht nur physische R\u00e4ume bewohnen, sondern auch Emotionen, Empfindungen und Ideen. Wir haben die Macht zu entscheiden, wie viel von uns wir investieren wollen, ob wir einen Raum f\u00fcllen oder ihn leer lassen &#8211; einen leeren Raum, eine Stille, sowohl physisch als auch konzeptionell zu schaffen. Das ist es, was mich antreibt. Oft spiele ich wie bei Foscarini mit Kontrasten und verwandle Objekte in kleine bewohnte Welten. Die resultierende \u00dcberraschung ist mein Ma\u00dfstab f\u00fcr Erfolg; Wenn es mir gelingt, Staunen hervorzurufen, wei\u00df ich, dass ich gute Arbeit geleistet habe. Ein weiterer entscheidender Aspekt ist die Collage: W\u00e4hrend ich manchmal Elemente abstrahiere, um ein Thema schnell zu vermitteln, integriere ich immer echte Charaktere und Gegenst\u00e4nde. Diese Verbindung zur Realit\u00e4t ist mir wichtig, und ich w\u00e4hle ihre Ausdr\u00fccke, Positionen und Blicke sorgf\u00e4ltig aus.<\/p>\n<\/div>\n    <\/div>\n<\/section><section class=\"two_cols__image_link_and_image full-height-vh \">\n\n    <div class=\"swiper-container swiper__from_cols\">\n        <div class=\"swiper-wrapper col-2\">\n            <div class=\"swiper-slide full-height col-left \">\n                                        <img decoding=\"async\" class=\"img-left\" src=\"https:\/\/www.foscarini.com\/wp-content\/uploads\/2024\/05\/Tavola-da-disegno-1-150x150.png\" srcset=\"https:\/\/www.foscarini.com\/wp-content\/uploads\/2024\/05\/Tavola-da-disegno-1-300x233.png 300w, https:\/\/www.foscarini.com\/wp-content\/uploads\/2024\/05\/Tavola-da-disegno-1.png 736w\" alt=\"\" \/>\n                                            <div class=\"ct-text show-for-medium\">\n                        <a class=\"link-arrow no-link\" href=\"\">\n                            <span class=\"subtitle js-heading\"><\/span>\n                            <span class=\"title-little js-heading\"><\/span>\n                        <\/a>\n                        <div class=\"text-1 js-heading\"><\/div>\n                    <\/div>\n                                <\/div>\n            <div class=\"swiper-slide full-height\">\n                                        <img decoding=\"async\" class=\"full-cover\" src=\"https:\/\/www.foscarini.com\/wp-content\/uploads\/2024\/05\/Tavola-da-disegno-2-150x150.png\" srcset=\"https:\/\/www.foscarini.com\/wp-content\/uploads\/2024\/05\/Tavola-da-disegno-2-228x300.png 228w, https:\/\/www.foscarini.com\/wp-content\/uploads\/2024\/05\/Tavola-da-disegno-2.png 726w\" alt=\"\" \/>\n                                    <\/div>\n        <\/div>\n    <\/div>\n\n    <div class=\"row show-mobile\">\n        <div class=\"small-12 columns\">\n            <div class=\"ct-text\">\n                <a class=\"link-arrow no-link\" href=\"\">\n                    <span class=\"subtitle js-heading\"><\/span>\n                    <span class=\"title-little js-heading\"><\/span>\n                <\/a>\n                <div class=\"text-1 js-heading\"><\/div>\n            <\/div>\n        <\/div>\n    <\/div>\n<\/section><section class=\"articolo-testo reading-time\">\n    <div class=\"ct-block\">\n        <div class=\"text\"><p><strong>Was ist Ihre gr\u00f6\u00dfte t\u00e4gliche Inspirationsquelle, und wie pflegen Sie Ihre Kreativit\u00e4t? <\/strong><\/p>\n<p>Ohne Zweifel sind Menschen und ihre Vielfalt meine wichtigste Inspirationsquelle. Meine Illustrationen schreien selten eine direkte Botschaft heraus, sie werden irgendwie zu Manifesten. Stattdessen zeichnen sie ein Bild einer idealen Zukunft f\u00fcr mich. Sie zeigen \u00fcberwiegend Menschen; das menschliche Element ist entscheidend f\u00fcr die Interpretation des Bildes selbst. Das Leben in pulsierenden Metropolen wie S\u00e3o Paulo und Hongkong hat meine Wahrnehmung des Lebens anderer gesch\u00e4rft und mir erm\u00f6glicht, die Einzigartigkeit innerhalb der Vielzahl zu erkennen. Vielleicht liebe ich deshalb gro\u00dfe St\u00e4dte: Dieses gemeinsame Identit\u00e4tsgef\u00fchl ist h\u00e4ufiger und f\u00fchlt sich greifbarer an, fast notwendig. Ich pflege meine Kreativit\u00e4t, indem ich beobachte und kontinuierlich Themen, Orte und Atmosph\u00e4ren durch Fotografie einfange; mein Computer ist voller unz\u00e4hliger Ordner mit Bildern, die ich immer wieder besuche und je nach Bedarf nutze. Allerdings w\u00e4re nichts davon ohne kontinuierliches Studium und eine uners\u00e4ttliche Neugier auf die Vergangenheit (was bereits getan wurde, die Meister, das Gep\u00e4ck, das wir tragen) sowie auf die Gegenwart m\u00f6glich. Wir leben in einer \u00c4ra, in der Reize \u00fcberm\u00e4\u00dfig und \u00fcberall vorhanden sind, und wir m\u00fcssen unsere eigene kritische Perspektive entwickeln. Ich glaube, das ist extrem wichtig.<\/p>\n<p>&nbsp;<\/p>\n<p><strong>Erz\u00e4hlen Sie uns, wie die Zusammenarbeit mit Foscarini zustande kam. <\/strong><\/p>\n<p>Foscarini war als Architektin st\u00e4ndig in meinem Leben pr\u00e4sent, von ihren Produkten bis hin zu Inventario. Mit ihnen zusammenzuarbeiten ist das, was ich ein &#8220;Traumprojekt&#8221; nennen w\u00fcrde &#8211; es ist die perfekte Fusion von allem, was mir wichtig ist.<\/p>\n<p><strong>Bei dem Projekt \u201cWhat\u2019s in a lamp?\u201d f\u00fcr Foscarini haben Sie faszinierende &#8220;Mikrowelten&#8221; um die Lampen der Kollektion geschaffen. K\u00f6nnen Sie uns mehr \u00fcber die Inspiration hinter dieser Serie erz\u00e4hlen? <\/strong><\/p>\n<p>Der Ausgangspunkt waren die Produkte von Foscarini selbst. Ich wollte, dass sie im Mittelpunkt der Erz\u00e4hlung stehen, also begann ich, sie im Hinblick auf ihr Zusammenspiel von Festk\u00f6rpern und Hohlr\u00e4umen zu untersuchen, von denen jeder sein eigenes Leben hat, das durch Zeit und Licht definiert ist &#8211; sei es nat\u00fcrlich oder k\u00fcnstlich &#8211; und die resultierenden Schatten. Es f\u00fchlte sich fast instinktiv an, sie als Miniaturarchitekturen zu sehen, um die sich das Leben dreht. Die Zeit entfaltet sich in einer Abfolge von Morgen, Nachmittagen, Abenden und N\u00e4chten; Die Lampen selbst scheinen unver\u00e4ndert zu bleiben, aber sie besitzen die bemerkenswerte F\u00e4higkeit, zu leuchten und lebendig zu werden und so den Raum und das Leben um sie herum subtil zu ver\u00e4ndern. Es ist eine subtile Verzauberung, eine Reflexion \u00fcber die allt\u00e4gliche Magie, die uns umgibt &#8211; der einzige Unterschied hier: Sie wird auf einer anderen Ebene vergr\u00f6\u00dfert.<\/p>\n<p>&nbsp;<\/p>\n<p><strong>Gibt es Objekte, die wie die Foscarini-Lampen in Ihrer Serie feste Punkte, konstante Pr\u00e4senzen darstellen, um die sich Ihre t\u00e4glichen Erfahrungen entwickeln? <\/strong><\/p>\n<p>Ich habe in zahlreichen H\u00e4usern gelebt und eine komplizierte Beziehung zur Vorstellung von Zuhause selbst (vielleicht kommt daher meine Obsession mit dem Wohnen), und im Laufe der Zeit bin ich immer w\u00e4hlerischer geworden bei der Auswahl der Gegenst\u00e4nde, die mich umgeben. Der eine konstante, der &#8220;Anker&#8221; in jedem dieser H\u00e4user, glaube ich, war immer der Esstisch. Das Leben im gesamten Haus dreht sich um diesen Tisch &#8211; von Mahlzeiten \u00fcber Vorbereitungen, vom Studium bis zur Arbeit, von Experimenten bis zum Spielen, von Gespr\u00e4chen bis zur Gastfreundschaft. Tats\u00e4chlich dominiert es derzeit fast das gesamte Haus. Wenn ich spezifische Gegenst\u00e4nde nennen m\u00fcsste, die mich in diesen elf H\u00e4usern begleitet haben, sind es allesamt kleine und leicht zu tragende Gegenst\u00e4nde: eine h\u00f6lzerne Heilige Geistfigur, ein Geschenk von einem Freund; ein Buch von Zumthor; ein altes Foto meines Gro\u00dfvaters, das das Bl\u00fchen einer Sukkulente einf\u00e4ngt; eine Gravur einer Gruppe brasilianischer Araukarien. Es ist wie eine kleine, tragbare Wunderkammer.<\/p>\n<p>&nbsp;<\/p>\n<p><strong>K\u00f6nnen Sie auf den narrativen Aspekt Ihres kreativen Prozesses eingehen? <\/strong><\/p>\n<p>Die Erz\u00e4hlung hinter jedem St\u00fcck ist entscheidend und spielt eine wichtige Rolle; sie bereichert und formt das Werk selbst. Die Entscheidung, was gesagt werden soll, in welchem \u200b\u200bUmfang, wie es ausgedr\u00fcckt werden soll und welche Tonart angenommen werden soll, beeinflusst alle folgenden formalen Entscheidungen, von der Komposition bis zur Farbpalette. Pers\u00f6nlich bevorzuge ich die Werke, die keine endg\u00fcltigen Antworten geben, sondern Fragen aufwerfen sollen. Ich glaube, die Illustrationen, die ich f\u00fcr Foscarini geschaffen habe, veranschaulichen diesen Ansatz: Sie zeigen das Leben, das sich um die Lampen entfaltet, geben uns aber keine Anweisungen, wie wir mit ihnen interagieren sollen. Stattdessen regen sie uns zum Nachdenken an, uns in ihnen zu sehen und zu \u00fcberlegen, welche Rolle wir gespielt haben k\u00f6nnten, welche Momente des Tages f\u00fcr uns resonieren und welche Art von Licht uns am meisten beruhigt. Sie dienen als Verbindung zu den dargestellten Lampen und zeichnen Pfade, die uns n\u00e4her an sie heranf\u00fchren und uns dazu bringen, an diesem Lebenskarussell teilnehmen zu wollen.<\/p>\n<p>&nbsp;<\/p>\n<p><strong>Was ist Ihre Lieblingsillustration in diesem Projekt, und was bedeutet sie f\u00fcr Sie? <\/strong><\/p>\n<p>Jede dieser Illustrationen war f\u00fcr mich eine pers\u00f6nliche Reise, aber ich muss sagen, ich habe eine besondere Zuneigung f\u00fcr Cri Cri&#8217;s Nacht. Es ist die einzige Lampe, die ich w\u00e4hrend der Nachtstunden beleuchtet dargestellt habe, weil ihre \u00c4hnlichkeit mit einer kleinen Laterne sofort den Zauber einer mit Leben gef\u00fcllten Nacht hervorrief. In diesem intimen und magischen Moment ist ein Kind fasziniert, vertieft in die Seiten eines Buches, was den Raum mit M\u00f6glichkeiten lebendig macht.<\/p>\n<p>&nbsp;<\/p>\n<p><strong>Was ist Ihr Lieblingsthema zum Zeichnen? <\/strong><\/p>\n<p>Kinder sind mein Lieblingsthema zum Zeichnen, aus mehreren Gr\u00fcnden. Erstens vermitteln sie m\u00fchelos Konzepte und Emotionen, da ihre Aktivit\u00e4ten oft komplexe Ideen auf einfache und unmittelbare Weise verk\u00f6rpern. Ihr Spiel dient als Metapher f\u00fcr das Leben selbst. Au\u00dferdem macht es mir Freude, sie zu zeichnen; Mir wurde gesagt, dass ich l\u00e4chle, w\u00e4hrend ich sie skizziere. Kurz gesagt, sie sind das beste Antidepressivum.<\/p>\n<p>&nbsp;<\/p>\n<p><strong>Was bedeutet Kreativit\u00e4t f\u00fcr Sie?<\/strong><\/p>\n<p>Ich werde Ihre Wahl des Verbs, um \u00fcber Kreativit\u00e4t zu sprechen, aufgreifen: kultivieren. Ich glaube, dieses Verb umschreibt ihre Essenz perfekt: sie ist lebendig. Kreativit\u00e4t verlangt t\u00e4gliche Nahrung, Aufmerksamkeit und Pflege, aber auch die F\u00e4higkeit, sie wachsen und erstrahlen zu lassen. Eine F\u00e4higkeit, die mit Vorbereitung und angeborener Veranlagung verbunden ist.<\/p>\n<\/div>\n    <\/div>\n<\/section><section class=\"articolo-titolo reading-time\">\n    <div class=\"ct-block\">\n        <div class=\"text\"><p>Tauchen Sie ein in die Welt der illustrierten Collagen von Francesca Gastone und entdecken Sie die gesamte Serie auf dem Instagram-Kanal @foscarinilamps<\/p>\n<\/div>\n                    <a class=\"link\" href=\"https:\/\/www.instagram.com\/foscarinilamps\/\">\n                Gehen Sie zu Instagram            <\/a>\n                <\/div>\n<\/section>","protected":false},"excerpt":{"rendered":"","protected":false},"author":10,"featured_media":303024,"comment_status":"open","ping_status":"open","sticky":false,"template":"","format":"standard","meta":{"_acf_changed":false,"footnotes":""},"categories":[1195],"tags":[1232,1247,1246],"class_list":["post-302998","post","type-post","status-publish","format-standard","has-post-thumbnail","hentry","category-comunicazione-de","tag-kunst-de","tag-social-media-de","tag-whats-in-a-lamp-de"],"acf":{"articolo_-_tempo_di_lettura":{"minuti":""},"preview_slider":{"titolo":"Francesca Gastones Surreale Mikrokosmen mit Foscarini-Lampen","testo":"Francesca Gastone mischt reale Elemente in au\u00dfergew\u00f6hnliche digitale Collagenwerke. In ihrer Serie, Teil des Projekts \"What's in a lamp?\", werden die Foscarini-Lampen zum Antrieb suggestiver Mikrowelten, in denen Szenen des t\u00e4glichen Lebens entstehen und animiert werden.","video_domanda":false,"link_video":""}},"yoast_head":"<!-- This site is optimized with the Yoast SEO Premium plugin v22.4 (Yoast SEO v23.7) - https:\/\/yoast.com\/wordpress\/plugins\/seo\/ -->\n<title>Francesca Gastones Surreale Mikrokosmen mit Foscarini-Lampen - Foscarini<\/title>\n<meta name=\"robots\" content=\"index, follow, max-snippet:-1, max-image-preview:large, max-video-preview:-1\" \/>\n<meta property=\"og:locale\" content=\"de_DE\" \/>\n<meta property=\"og:type\" content=\"article\" \/>\n<meta property=\"og:title\" content=\"Francesca Gastones Surreale Mikrokosmen mit Foscarini-Lampen\" \/>\n<meta property=\"og:url\" content=\"https:\/\/www.foscarini.com\/de\/francesca-gastone-whatsinalamp\/\" \/>\n<meta property=\"og:site_name\" content=\"Foscarini\" \/>\n<meta property=\"article:published_time\" content=\"2024-05-02T14:50:09+00:00\" \/>\n<meta property=\"article:modified_time\" content=\"2024-05-16T13:47:30+00:00\" \/>\n<meta property=\"og:image\" content=\"https:\/\/www.foscarini.com\/wp-content\/uploads\/2024\/05\/gastone-foscarini-whats-in-a-lamp.jpg\" \/>\n\t<meta property=\"og:image:width\" content=\"1640\" \/>\n\t<meta property=\"og:image:height\" content=\"1204\" \/>\n\t<meta property=\"og:image:type\" content=\"image\/jpeg\" \/>\n<meta name=\"author\" content=\"valeria\" \/>\n<meta name=\"twitter:card\" content=\"summary_large_image\" \/>\n<meta name=\"twitter:label1\" content=\"Verfasst von\" \/>\n\t<meta name=\"twitter:data1\" content=\"valeria\" \/>\n\t<meta name=\"twitter:label2\" content=\"Gesch\u00e4tzte Lesezeit\" \/>\n\t<meta name=\"twitter:data2\" content=\"1\u00a0Minute\" \/>\n<script type=\"application\/ld+json\" class=\"yoast-schema-graph\">{\"@context\":\"https:\/\/schema.org\",\"@graph\":[{\"@type\":\"WebPage\",\"@id\":\"https:\/\/www.foscarini.com\/de\/francesca-gastone-whatsinalamp\/\",\"url\":\"https:\/\/www.foscarini.com\/de\/francesca-gastone-whatsinalamp\/\",\"name\":\"Francesca Gastones Surreale Mikrokosmen mit Foscarini-Lampen - Foscarini\",\"isPartOf\":{\"@id\":\"https:\/\/www.foscarini.com\/#website\"},\"primaryImageOfPage\":{\"@id\":\"https:\/\/www.foscarini.com\/de\/francesca-gastone-whatsinalamp\/#primaryimage\"},\"image\":{\"@id\":\"https:\/\/www.foscarini.com\/de\/francesca-gastone-whatsinalamp\/#primaryimage\"},\"thumbnailUrl\":\"https:\/\/www.foscarini.com\/wp-content\/uploads\/2024\/05\/gastone-foscarini-whats-in-a-lamp.jpg\",\"datePublished\":\"2024-05-02T14:50:09+00:00\",\"dateModified\":\"2024-05-16T13:47:30+00:00\",\"author\":{\"@id\":\"https:\/\/www.foscarini.com\/#\/schema\/person\/efd6ee4f284adb2ddd466254165b3e60\"},\"breadcrumb\":{\"@id\":\"https:\/\/www.foscarini.com\/de\/francesca-gastone-whatsinalamp\/#breadcrumb\"},\"inLanguage\":\"de\",\"potentialAction\":[{\"@type\":\"ReadAction\",\"target\":[\"https:\/\/www.foscarini.com\/de\/francesca-gastone-whatsinalamp\/\"]}]},{\"@type\":\"ImageObject\",\"inLanguage\":\"de\",\"@id\":\"https:\/\/www.foscarini.com\/de\/francesca-gastone-whatsinalamp\/#primaryimage\",\"url\":\"https:\/\/www.foscarini.com\/wp-content\/uploads\/2024\/05\/gastone-foscarini-whats-in-a-lamp.jpg\",\"contentUrl\":\"https:\/\/www.foscarini.com\/wp-content\/uploads\/2024\/05\/gastone-foscarini-whats-in-a-lamp.jpg\",\"width\":1640,\"height\":1204},{\"@type\":\"BreadcrumbList\",\"@id\":\"https:\/\/www.foscarini.com\/de\/francesca-gastone-whatsinalamp\/#breadcrumb\",\"itemListElement\":[{\"@type\":\"ListItem\",\"position\":1,\"name\":\"Home\",\"item\":\"https:\/\/www.foscarini.com\/de\/\"},{\"@type\":\"ListItem\",\"position\":2,\"name\":\"Francesca Gastones Surreale Mikrokosmen mit Foscarini-Lampen\"}]},{\"@type\":\"WebSite\",\"@id\":\"https:\/\/www.foscarini.com\/#website\",\"url\":\"https:\/\/www.foscarini.com\/\",\"name\":\"Foscarini\",\"description\":\"\",\"potentialAction\":[{\"@type\":\"SearchAction\",\"target\":{\"@type\":\"EntryPoint\",\"urlTemplate\":\"https:\/\/www.foscarini.com\/?s={search_term_string}\"},\"query-input\":{\"@type\":\"PropertyValueSpecification\",\"valueRequired\":true,\"valueName\":\"search_term_string\"}}],\"inLanguage\":\"de\"},{\"@type\":\"Person\",\"@id\":\"https:\/\/www.foscarini.com\/#\/schema\/person\/efd6ee4f284adb2ddd466254165b3e60\",\"name\":\"valeria\",\"image\":{\"@type\":\"ImageObject\",\"inLanguage\":\"de\",\"@id\":\"https:\/\/www.foscarini.com\/#\/schema\/person\/image\/\",\"url\":\"https:\/\/secure.gravatar.com\/avatar\/66da3d4416909816d0d1ac32ce76fd87?s=96&d=mm&r=g\",\"contentUrl\":\"https:\/\/secure.gravatar.com\/avatar\/66da3d4416909816d0d1ac32ce76fd87?s=96&d=mm&r=g\",\"caption\":\"valeria\"}}]}<\/script>\n<!-- \/ Yoast SEO Premium plugin. -->","yoast_head_json":{"title":"Francesca Gastones Surreale Mikrokosmen mit Foscarini-Lampen - Foscarini","robots":{"index":"index","follow":"follow","max-snippet":"max-snippet:-1","max-image-preview":"max-image-preview:large","max-video-preview":"max-video-preview:-1"},"og_locale":"de_DE","og_type":"article","og_title":"Francesca Gastones Surreale Mikrokosmen mit Foscarini-Lampen","og_url":"https:\/\/www.foscarini.com\/de\/francesca-gastone-whatsinalamp\/","og_site_name":"Foscarini","article_published_time":"2024-05-02T14:50:09+00:00","article_modified_time":"2024-05-16T13:47:30+00:00","og_image":[{"width":1640,"height":1204,"url":"https:\/\/www.foscarini.com\/wp-content\/uploads\/2024\/05\/gastone-foscarini-whats-in-a-lamp.jpg","type":"image\/jpeg"}],"author":"valeria","twitter_card":"summary_large_image","twitter_misc":{"Verfasst von":"valeria","Gesch\u00e4tzte Lesezeit":"1\u00a0Minute"},"schema":{"@context":"https:\/\/schema.org","@graph":[{"@type":"WebPage","@id":"https:\/\/www.foscarini.com\/de\/francesca-gastone-whatsinalamp\/","url":"https:\/\/www.foscarini.com\/de\/francesca-gastone-whatsinalamp\/","name":"Francesca Gastones Surreale Mikrokosmen mit Foscarini-Lampen - Foscarini","isPartOf":{"@id":"https:\/\/www.foscarini.com\/#website"},"primaryImageOfPage":{"@id":"https:\/\/www.foscarini.com\/de\/francesca-gastone-whatsinalamp\/#primaryimage"},"image":{"@id":"https:\/\/www.foscarini.com\/de\/francesca-gastone-whatsinalamp\/#primaryimage"},"thumbnailUrl":"https:\/\/www.foscarini.com\/wp-content\/uploads\/2024\/05\/gastone-foscarini-whats-in-a-lamp.jpg","datePublished":"2024-05-02T14:50:09+00:00","dateModified":"2024-05-16T13:47:30+00:00","author":{"@id":"https:\/\/www.foscarini.com\/#\/schema\/person\/efd6ee4f284adb2ddd466254165b3e60"},"breadcrumb":{"@id":"https:\/\/www.foscarini.com\/de\/francesca-gastone-whatsinalamp\/#breadcrumb"},"inLanguage":"de","potentialAction":[{"@type":"ReadAction","target":["https:\/\/www.foscarini.com\/de\/francesca-gastone-whatsinalamp\/"]}]},{"@type":"ImageObject","inLanguage":"de","@id":"https:\/\/www.foscarini.com\/de\/francesca-gastone-whatsinalamp\/#primaryimage","url":"https:\/\/www.foscarini.com\/wp-content\/uploads\/2024\/05\/gastone-foscarini-whats-in-a-lamp.jpg","contentUrl":"https:\/\/www.foscarini.com\/wp-content\/uploads\/2024\/05\/gastone-foscarini-whats-in-a-lamp.jpg","width":1640,"height":1204},{"@type":"BreadcrumbList","@id":"https:\/\/www.foscarini.com\/de\/francesca-gastone-whatsinalamp\/#breadcrumb","itemListElement":[{"@type":"ListItem","position":1,"name":"Home","item":"https:\/\/www.foscarini.com\/de\/"},{"@type":"ListItem","position":2,"name":"Francesca Gastones Surreale Mikrokosmen mit Foscarini-Lampen"}]},{"@type":"WebSite","@id":"https:\/\/www.foscarini.com\/#website","url":"https:\/\/www.foscarini.com\/","name":"Foscarini","description":"","potentialAction":[{"@type":"SearchAction","target":{"@type":"EntryPoint","urlTemplate":"https:\/\/www.foscarini.com\/?s={search_term_string}"},"query-input":{"@type":"PropertyValueSpecification","valueRequired":true,"valueName":"search_term_string"}}],"inLanguage":"de"},{"@type":"Person","@id":"https:\/\/www.foscarini.com\/#\/schema\/person\/efd6ee4f284adb2ddd466254165b3e60","name":"valeria","image":{"@type":"ImageObject","inLanguage":"de","@id":"https:\/\/www.foscarini.com\/#\/schema\/person\/image\/","url":"https:\/\/secure.gravatar.com\/avatar\/66da3d4416909816d0d1ac32ce76fd87?s=96&d=mm&r=g","contentUrl":"https:\/\/secure.gravatar.com\/avatar\/66da3d4416909816d0d1ac32ce76fd87?s=96&d=mm&r=g","caption":"valeria"}}]}},"_links":{"self":[{"href":"https:\/\/www.foscarini.com\/de\/wp-json\/wp\/v2\/posts\/302998"}],"collection":[{"href":"https:\/\/www.foscarini.com\/de\/wp-json\/wp\/v2\/posts"}],"about":[{"href":"https:\/\/www.foscarini.com\/de\/wp-json\/wp\/v2\/types\/post"}],"author":[{"embeddable":true,"href":"https:\/\/www.foscarini.com\/de\/wp-json\/wp\/v2\/users\/10"}],"replies":[{"embeddable":true,"href":"https:\/\/www.foscarini.com\/de\/wp-json\/wp\/v2\/comments?post=302998"}],"version-history":[{"count":5,"href":"https:\/\/www.foscarini.com\/de\/wp-json\/wp\/v2\/posts\/302998\/revisions"}],"predecessor-version":[{"id":303217,"href":"https:\/\/www.foscarini.com\/de\/wp-json\/wp\/v2\/posts\/302998\/revisions\/303217"}],"wp:featuredmedia":[{"embeddable":true,"href":"https:\/\/www.foscarini.com\/de\/wp-json\/wp\/v2\/media\/303024"}],"wp:attachment":[{"href":"https:\/\/www.foscarini.com\/de\/wp-json\/wp\/v2\/media?parent=302998"}],"wp:term":[{"taxonomy":"category","embeddable":true,"href":"https:\/\/www.foscarini.com\/de\/wp-json\/wp\/v2\/categories?post=302998"},{"taxonomy":"post_tag","embeddable":true,"href":"https:\/\/www.foscarini.com\/de\/wp-json\/wp\/v2\/tags?post=302998"}],"curies":[{"name":"wp","href":"https:\/\/api.w.org\/{rel}","templated":true}]}}